{"id":452,"date":"2005-03-29T15:28:15","date_gmt":"2005-03-29T15:28:15","guid":{"rendered":""},"modified":"-0001-11-30T00:00:00","modified_gmt":"-0001-11-29T22:00:00","slug":"post_name","status":"publish","type":"post","link":"http:\/\/www.elenacabrera.com\/weblog3\/2005\/03\/29\/post_name\/","title":{"rendered":"No s\u00e9 si lo sab\u00edamos"},"content":{"rendered":"<p>\tLa primera entrevista que hice en mi vida fue a Joaqu\u00edn Luqui. Yo estaba en el instituto y preparaba mi primer fanzine, <i>Bertedero<\/i>. Mucha gente sab\u00eda que hab\u00eda un d\u00eda de la semana en que Luqui recib\u00eda los fans (sus fans, y <i>fans<\/i>, por extensi\u00f3n) en un saloncito en la entrada de los estudios de 40 Principales de la SER, en la Gran V\u00eda. Gemma, que igual lee esto, lo puede corraborar pues fuimos juntas. Creo que m\u00e1s de una vez. Durante todos los a\u00f1os anteriores y desde que descubr\u00ed la m\u00fasica yo estaba enganchada a los 40. Desde que mi padrino me regal\u00f3 mi primer radiocassette la escuchaba constantemente, mientras estudiaba, y en lugar de aprenderme las capitales como es debido, memorizaba qu\u00e9 canciones formaban la lista esa semana. Al menos las cinco primeras. Tambi\u00e9n grababa canciones, conciertos y programas. A\u00fan tengo en una cinta El Gran Musical de despedida de Jos\u00e9 Antonio Abell\u00e1n. Tambi\u00e9n compraba la revista, que la descubr\u00ed tarde (pero unos cuantos a\u00f1os antes de su reconversi\u00f3n a <i>EGM<\/i>). Ten\u00eda un libro con la historia de la cadena y me sab\u00eda los nombres de casi todos los locutores. Todo esto sucedi\u00f3 en un tiempo anterior a descubrir Radio 3 y darme cuenta de la censura econ\u00f3mico-informativa a la que me hab\u00edan sometido durante a\u00f1os. Creo haberlo escrito aqu\u00ed alguna vez: yo pensaba que no exist\u00eda m\u00e1s m\u00fasica de la que radiaba Los 40, porque as\u00ed te lo hacen creer. Iba de vez en cuando a ver a Luqui. \u00c9l se interesaba mucho por las opiniones de toda esta jaur\u00eda de fans que acud\u00edan a las puertas de la emisora para ver a New Kids On The Block entrando en el edificio. Recuerdo que nos preguntaba mucho cu\u00e1les eran nuestros grupos favoritos y porqu\u00e9. Imagino que le serv\u00eda como baremo para saber si ser\u00edan 3, 2 \u00f3 1. A partir de la entrevista se acordaba de m\u00ed y hablamos alguna vez, tambi\u00e9n me saluda con un hola por la calle si nos cruz\u00e1bamos, lo cual me parec\u00eda impresionante en alguien como \u00e9l. Una vez, en una Gran V\u00eda soleada y veraniega hablamos de REM y quise hacerme la guays dici\u00e9ndole que no me gustaban mucho porque estaban <i>demasiado politizados<\/i>. En realidad yo no ten\u00eda ning\u00fan disco de REM ni sab\u00eda si me gustaban o no (a\u00fan no lo s\u00e9, o me gustan a medias) pero s\u00ed sab\u00eda que hab\u00eda un mensaje pol\u00edtico detr\u00e1s, y lo solt\u00e9 de esa manera brusca para llamar la atenci\u00f3n. Una tonter\u00eda m\u00e1s en mi larga lista de idioteces de adolescencia. El d\u00eda de la entrevista le hice unas cuantas fotos. Llevaba una camisa azul vaquera bastante desabrochada, dejando ver las cruces y amuletos que llevaba al cuello. Habl\u00f3 de si mismo como una persona espiritual e intuitiva y c\u00f3mo aplicaba aquello a la m\u00fasica. Ol\u00eda mucho a sudor y aquello me mareaba un poco, a la par que me fascinaba. Cuando acab\u00e9 la entrevista me cogi\u00f3 del hombro, se acerc\u00f3 y me hizo un presagio, mir\u00e1ndome a los ojos. El presagio se cumpli\u00f3, unos a\u00f1os despu\u00e9s. \u00daltimamente, cuando le ve\u00eda, ya sin saludo, quer\u00eda pararle y dec\u00edrselo: ten\u00edas raz\u00f3n, ha pasado esto. Pero nunca lo hice. Siempre le he estado muy agradecida por aquello, fue un regalo enorme al que me aferr\u00e9 durante mucho tiempo. Una expectativa brillante del futuro. Todos mis mitos de iniciaci\u00f3n a la m\u00fasica fueron cayendo, Luqui incluido, cuando me di cuenta del inmenso mundo que hab\u00eda m\u00e1s all\u00e1, cuando supe lo que era una payola, un disco rojo, una frase vac\u00eda, un locutor sin cultura musical. Es f\u00e1cil apostar por los Beatles, lo dif\u00edcil era hacerlo por Sonic Youth. Por otro lado, hasta los 80 la m\u00fasica comercial no est\u00e1 mal, pero a partir de los 90 es ya basura y cualquier defensor de ella no es m\u00e1s que un comerciante, un eslab\u00f3n en la cadena.\t<\/p>\n","protected":false},"excerpt":{"rendered":"<p>La primera entrevista que hice en mi vida fue a Joaqu\u00edn Luqui. Yo estaba en el instituto y preparaba mi primer fanzine, Bertedero. Mucha gente sab\u00eda que hab\u00eda un d\u00eda de la semana en que Luqui recib\u00eda los fans (sus fans, y fans, por extensi\u00f3n) en un saloncito en la entrada de los estudios de [&hellip;]<\/p>\n","protected":false},"author":1,"featured_media":0,"comment_status":"open","ping_status":"open","sticky":false,"template":"","format":"standard","meta":{"footnotes":""},"categories":[],"tags":[],"class_list":["post-452","post","type-post","status-publish","format-standard","hentry"],"_links":{"self":[{"href":"http:\/\/www.elenacabrera.com\/weblog3\/wp-json\/wp\/v2\/posts\/452","targetHints":{"allow":["GET"]}}],"collection":[{"href":"http:\/\/www.elenacabrera.com\/weblog3\/wp-json\/wp\/v2\/posts"}],"about":[{"href":"http:\/\/www.elenacabrera.com\/weblog3\/wp-json\/wp\/v2\/types\/post"}],"author":[{"embeddable":true,"href":"http:\/\/www.elenacabrera.com\/weblog3\/wp-json\/wp\/v2\/users\/1"}],"replies":[{"embeddable":true,"href":"http:\/\/www.elenacabrera.com\/weblog3\/wp-json\/wp\/v2\/comments?post=452"}],"version-history":[{"count":0,"href":"http:\/\/www.elenacabrera.com\/weblog3\/wp-json\/wp\/v2\/posts\/452\/revisions"}],"wp:attachment":[{"href":"http:\/\/www.elenacabrera.com\/weblog3\/wp-json\/wp\/v2\/media?parent=452"}],"wp:term":[{"taxonomy":"category","embeddable":true,"href":"http:\/\/www.elenacabrera.com\/weblog3\/wp-json\/wp\/v2\/categories?post=452"},{"taxonomy":"post_tag","embeddable":true,"href":"http:\/\/www.elenacabrera.com\/weblog3\/wp-json\/wp\/v2\/tags?post=452"}],"curies":[{"name":"wp","href":"https:\/\/api.w.org\/{rel}","templated":true}]}}