{"id":477,"date":"2005-04-09T13:17:52","date_gmt":"2005-04-09T13:17:52","guid":{"rendered":""},"modified":"2019-03-12T11:26:12","modified_gmt":"2019-03-12T09:26:12","slug":"dancing-podcast","status":"publish","type":"post","link":"http:\/\/www.elenacabrera.com\/weblog3\/2005\/04\/09\/dancing-podcast\/","title":{"rendered":"Dancing podcast"},"content":{"rendered":"<p>Si la primera vez que hice, a mano, el feed para que os agregu\u00e9is Dancing funcion\u00f3 bien y la sgunda vez, que lo hice con un plug-in de Firefox no descargaba nada, est\u00e1 claro que el plug-in los hace mal o yo no s\u00e9 usarlo. As\u00ed que hoy he cambiado del archivo las cosas que estaban mal y me he guiado por el xml de Comunicando, que fue lo mismo que hice la primera vez. Que alguien me avise por favor de si vuestros agregadores detectan que hay un Dancing #2. iPodderX Lite s\u00ed me lo ha detectado, al fin. Gracias a los que me dejaron cometnarios en el anterior post sobre el tema.<\/p>\n<p>Por otro lado, estoy un poco parada y frustrada con el podcasting porque no logro que el line-in del iMac registre nada y preferir\u00eda grabar con un micro en lugar de con el interno. Si no encuentro una soluci\u00f3n me va a tocar llevar a <em>El Ingre\u00eddo<\/em> a K-Tuin, cosa que no me apetece nada.<\/p>\n<p>Tres \u00faltimas cosas: ayer viernes creo que sali\u00f3 en <a href=\"http:\/\/www.paramountcomedy.es\/nqp\/01.htm\">Nada que perder<\/a> en Paramount Comedy mi colaboraci\u00f3n sobre los podcast, \u00bfalguien la vio? Digo creo porque yo no la he visto, pero es la que tocaba.<\/p>\n<p>Y para terminarnos de hartar del tema, el lunes pasado en le programa de radio que hago en <a href=\"http:\/\/www.radiocarcoma.com\">Radio Carcoma<\/a>, El \u00faltimo baile, habl\u00e9 tambi\u00e9n sobre podcast. Y ya acabo: me ha hecho mucha ilusi\u00f3n las menciones a Dancing en <a href=\"http:\/\/www.informediario.com\/comunicando.html\">Comunicando<\/a> #20, en <a href=\"http:\/\/www.triunfaeninternet.com\/\">Triunfa en Internet<\/a> #23 (gracias por lo de la voz y s\u00ed&#8230; lo de la calidad de audio es algo a susperar YA) y en <a href=\"http:\/\/weblog.topopardo.com\/\">Punto y Aparte<\/a> # 5 (qu\u00e9 bueno haberte empujado repentinamente al micro y me alegro de que ya no leas el gui\u00f3n directamente).<\/p>\n","protected":false},"excerpt":{"rendered":"<p>Si la primera vez que hice, a mano, el feed para que os agregu\u00e9is Dancing funcion\u00f3 bien y la sgunda vez, que lo hice con un plug-in de Firefox no descargaba nada, est\u00e1 claro que el plug-in los hace mal o yo no s\u00e9 usarlo. As\u00ed que hoy he cambiado del archivo las cosas que [&hellip;]<\/p>\n","protected":false},"author":1,"featured_media":2002002406,"comment_status":"open","ping_status":"open","sticky":false,"template":"","format":"standard","meta":{"footnotes":""},"categories":[3],"tags":[],"class_list":["post-477","post","type-post","status-publish","format-standard","has-post-thumbnail","hentry","category-twentytwentyfive"],"_links":{"self":[{"href":"http:\/\/www.elenacabrera.com\/weblog3\/wp-json\/wp\/v2\/posts\/477","targetHints":{"allow":["GET"]}}],"collection":[{"href":"http:\/\/www.elenacabrera.com\/weblog3\/wp-json\/wp\/v2\/posts"}],"about":[{"href":"http:\/\/www.elenacabrera.com\/weblog3\/wp-json\/wp\/v2\/types\/post"}],"author":[{"embeddable":true,"href":"http:\/\/www.elenacabrera.com\/weblog3\/wp-json\/wp\/v2\/users\/1"}],"replies":[{"embeddable":true,"href":"http:\/\/www.elenacabrera.com\/weblog3\/wp-json\/wp\/v2\/comments?post=477"}],"version-history":[{"count":2,"href":"http:\/\/www.elenacabrera.com\/weblog3\/wp-json\/wp\/v2\/posts\/477\/revisions"}],"predecessor-version":[{"id":2002002410,"href":"http:\/\/www.elenacabrera.com\/weblog3\/wp-json\/wp\/v2\/posts\/477\/revisions\/2002002410"}],"wp:featuredmedia":[{"embeddable":true,"href":"http:\/\/www.elenacabrera.com\/weblog3\/wp-json\/wp\/v2\/media\/2002002406"}],"wp:attachment":[{"href":"http:\/\/www.elenacabrera.com\/weblog3\/wp-json\/wp\/v2\/media?parent=477"}],"wp:term":[{"taxonomy":"category","embeddable":true,"href":"http:\/\/www.elenacabrera.com\/weblog3\/wp-json\/wp\/v2\/categories?post=477"},{"taxonomy":"post_tag","embeddable":true,"href":"http:\/\/www.elenacabrera.com\/weblog3\/wp-json\/wp\/v2\/tags?post=477"}],"curies":[{"name":"wp","href":"https:\/\/api.w.org\/{rel}","templated":true}]}}