{"id":488,"date":"2005-04-17T02:54:19","date_gmt":"2005-04-17T02:54:19","guid":{"rendered":""},"modified":"2022-08-05T20:57:30","modified_gmt":"2022-08-05T18:57:30","slug":"ya_en_las_calles","status":"publish","type":"post","link":"http:\/\/www.elenacabrera.com\/weblog3\/2005\/04\/17\/ya_en_las_calles\/","title":{"rendered":"Ya en las calles, poco a poco"},"content":{"rendered":"<p>Ya en las calles, poco a poco, gracias al rumor fiel de los intermitentes, los crujidos graves de la caja de cambio, el acelerar tranquilo del motor, voy olvidando la escena del garaje. Toda esta orquesta mec\u00e1nica de c\u00e1mara parece dirigida por los sem\u00e1foros. <i>Rojo beso, verde no hay beso<\/i>, recuerdo. Y as\u00ed avanzo por la ciudad. Bajo el t\u00fanel de Alfonso XIII pienso siempre en una pareja de abogados treinta\u00f1eros que estrellaron el coche contra sus paredes estrechas y murieron, de noche y sin tr\u00e1fico, en un aceler\u00f3n que nadie se explicaba. por eso siempre voy despacio en esa calle, aunque comprendo porqu\u00e9 corrieron justo ah\u00ed.<\/p>\n<p>En los \u00faltimos tres a\u00f1os <em>la cucaracha<\/em> y yo hemos zumbado por Madrid a horas intempestivas. La M-30 vac\u00eda a las dos de la noche un mi\u00e9rcoles. La Gran V\u00eda siempre igual sea a la hora que sea. La glorieta de Carlos V muerta de fr\u00edo y escarcha. S\u00f3lo de noche me da igual no escuchar m\u00fasica en el coche. La respiraci\u00f3n ansiosa es un <em>score<\/em> apropiado.<\/p>\n<p>Parando en cada sem\u00e1foro de la calle de Alcal\u00e1 he hecho recuento de las cosas buenas que me han pasado porque yo he querido que me pasaran desde el \u00faltimo 17 de abril. La lista era cortita, pero en cada luz roja me sorprend\u00eda con dos o tres cosas que hab\u00eda olvidado en el primer recuento. Y empezaba a pensar, a la altura de la Puerta, que para ser s\u00f3lo doce meses no estaba tan mal.<\/p>\n<p>Seis meses de Trama, seis n\u00fameros de Fiber, cuatro colaboraciones en NQP, dos guiones, dos relatos publicados, algunas entrevistas, unos cuantos programas de radio, muchas entradas en el weblog, dos podcast, art\u00edculos aqu\u00ed y all\u00e1. Todo eso est\u00e1 registrado en <em>la zorra de mi iBook<\/em> y el <em>engre\u00eddo<\/em> de mi iMac.<\/p>\n<p>Pero hace unos minutos he esbozado otra lista de grandes acontecimientos, en realidad dom\u00e9sticos, que no est\u00e1n salvados en ning\u00fan ordenador, ni siquiera en mi memoria, sino en las memorias ajenas. Me refiero a todas esas cosas que no esperan ni realizo con grandes aspavientos pero que en cambio recordar\u00e1s m\u00e1s de mi. Qu\u00e9 s\u00e9 yo: una comida en El Granero, un beso en una esquina, unas palabras en un post-it, un Festival del Humor a tiempo, el ce\u00f1o fruncido, yo de corcho, un golpe con un mueble, una pregunta inoportuna, una sesi\u00f3n de canciones, de rodillas en el suelo, mis zapatillas de fieras, arroz con sorpresa, mediecitas y otras cosas que yo no s\u00e9.<\/p>\n<p>\u00c9sta era mi manera torpe de decir que si no fuera por vosotros -ya todos sab\u00e9is qui\u00e9nes sois- un a\u00f1o ser\u00eda igual que otro, y yo me avejentar\u00eda cada vez m\u00e1s triste. Y no es as\u00ed. En vuestros recuerdos queda la prueba. Yo olvido fr\u00e1gil, pero la raz\u00f3n no la pierdo.<\/p>\n\n\n<p><\/p>\n","protected":false},"excerpt":{"rendered":"<p>Ya en las calles, poco a poco, gracias al rumor fiel de los intermitentes, los crujidos graves de la caja de cambio, el acelerar tranquilo del motor, voy olvidando la escena del garaje. Toda esta orquesta mec\u00e1nica de c\u00e1mara parece dirigida por los sem\u00e1foros. Rojo beso, verde no hay beso, recuerdo. Y as\u00ed avanzo por [&hellip;]<\/p>\n","protected":false},"author":1,"featured_media":0,"comment_status":"open","ping_status":"open","sticky":false,"template":"","format":"standard","meta":{"footnotes":""},"categories":[],"tags":[],"class_list":["post-488","post","type-post","status-publish","format-standard","hentry"],"_links":{"self":[{"href":"http:\/\/www.elenacabrera.com\/weblog3\/wp-json\/wp\/v2\/posts\/488","targetHints":{"allow":["GET"]}}],"collection":[{"href":"http:\/\/www.elenacabrera.com\/weblog3\/wp-json\/wp\/v2\/posts"}],"about":[{"href":"http:\/\/www.elenacabrera.com\/weblog3\/wp-json\/wp\/v2\/types\/post"}],"author":[{"embeddable":true,"href":"http:\/\/www.elenacabrera.com\/weblog3\/wp-json\/wp\/v2\/users\/1"}],"replies":[{"embeddable":true,"href":"http:\/\/www.elenacabrera.com\/weblog3\/wp-json\/wp\/v2\/comments?post=488"}],"version-history":[{"count":2,"href":"http:\/\/www.elenacabrera.com\/weblog3\/wp-json\/wp\/v2\/posts\/488\/revisions"}],"predecessor-version":[{"id":2002003859,"href":"http:\/\/www.elenacabrera.com\/weblog3\/wp-json\/wp\/v2\/posts\/488\/revisions\/2002003859"}],"wp:attachment":[{"href":"http:\/\/www.elenacabrera.com\/weblog3\/wp-json\/wp\/v2\/media?parent=488"}],"wp:term":[{"taxonomy":"category","embeddable":true,"href":"http:\/\/www.elenacabrera.com\/weblog3\/wp-json\/wp\/v2\/categories?post=488"},{"taxonomy":"post_tag","embeddable":true,"href":"http:\/\/www.elenacabrera.com\/weblog3\/wp-json\/wp\/v2\/tags?post=488"}],"curies":[{"name":"wp","href":"https:\/\/api.w.org\/{rel}","templated":true}]}}