{"id":503,"date":"2005-05-02T20:20:12","date_gmt":"2005-05-02T20:20:12","guid":{"rendered":""},"modified":"2017-08-22T14:12:32","modified_gmt":"2017-08-22T12:12:32","slug":"desde_valdemorillo","status":"publish","type":"post","link":"http:\/\/www.elenacabrera.com\/weblog3\/2005\/05\/02\/desde_valdemorillo\/","title":{"rendered":"Desde Valdemorillo"},"content":{"rendered":"<p>Estos d\u00edas estoy en el CAMPO, donde hay bichos y luz natural. Ese lugar: el CAMPO. Con todas las comodidades de una casa moderna, claro que s\u00ed, ya que si no, \u00bfc\u00f3mo podr\u00eda sobrevivir sin ADSL? Hay muchas cosas que se han quedado sin contar estos d\u00edas. Para festejar mi cumplea\u00f1os, Checht me regal\u00f3 dos entradas para ver las Matrimoniadas, una obra de teatro que alarga el famoso sketch de los matrimonios de Noche de Fiesta. Aqu\u00ed es el momento en el que el n\u00famero de visitas de mi weblog desciende estrepistosamente y se van a leer a otra, si es que pudi\u00e9ramos contabilizar un share semejante. Pues s\u00ed, soy fan. Un familiar de un familiar, de la derechona recalcitrante ella, lloraba cuando los socialistas eliminaron Noche de Fiesta de la programaci\u00f3n, como s\u00edmbolo de una nueva televisi\u00f3n por venir. Y no me parece mal, que yo ve\u00eda el programa por caspa. Pero es que las Matrimoniadas es humor espa\u00f1ol, el mejor festival del humor. Como los Morancos pero en castellano. Checht y yo lo pasamos genial y esas tres camas de chistes zafios e hirientes a costa de la instituci\u00f3n matrimonial me salvaron la noche.<br \/>\nPara los detractores, dir\u00e9 con ganas de provocar que muchos de ellos disfrutan con la serie Aqu\u00ed no hay quien viva y&#8230; los guionistas son los mismos. Hoy he pasado largo rato de la tarde contestando una entrevista para <a href=\"http:\/\/www.faq-mac.com\/bitacoras\/todas\/\">Todas<\/a>. Hay una parte escrita y otra en audio para un podcast que van a hacer. Ya os avisar\u00e9. El tema es: ser chica y usar mac para hacer cosas, b\u00e1sicamente. Hablando de sexos, en plural, no coment\u00e9 nada de la presentaci\u00f3n del n\u00famero de autoras de <a href=\"http:\/\/perso.wanadoo.es\/joseuve\/index\">Dos Veces Breve<\/a> en Freaks \u00bb Friends. Pero b\u00e1sicamente porque no hab\u00eda nada que comentar. No vino nadie, salvo Jes\u00fas Moreno, Juanjo el R\u00e1pido y la hermana del editor de Astiberri que se dejaron caer por all\u00ed para saludar. Lo mejor fue conocer a Olga Carmona y Esther Gili. Despu\u00e9s nos fuimos al Espacio Sins entido, donde se inauguraba la exposici\u00f3n de tres autores rosarinos, de la cual hay fotos en <a href=\"http:\/\/www.flickr.com\/photos\/elenac\/10439392\/\">mi Flickr<\/a> y en <a href=\"http:\/\/www.flickr.com\/photos\/fluzo\/10440846\/\">el de Fluzo<\/a>. Max Cachimba, Michele Siquot y Silvia Lenard\u00f3n vendr\u00e1n a Madrid en breve, ser\u00e1 un buen momento para conocerles y entrevistarles. \u00a1Y que alguien traiga y edite a <a href=\"http:\/\/www.educared.org.ar\/guiadeletras\/archivos\/liniers\/\">Liniers<\/a>, por favor! <center><img decoding=\"async\" src=\"http:\/\/www.autoreversediscos.com\/wordpress\/wp-content\/silvialenardon.jpg\"><\/center> Dos segundos despu\u00e9s de hacer esta foto dijo el Editor Breve: <i>\u00absonr\u00ede Juan [Berrio], que vamos a salir en el weblog de Elena\u00bb<\/i>. <center><img decoding=\"async\" src=\"http:\/\/www.autoreversediscos.com\/wordpress\/wp-content\/espacioberrio.jpg\"><\/center> Y se acab\u00f3 el update de \u00faltimos acontecimientos. Os dej\u00f3 para que le\u00e1is a otros con m\u00e1s cosas que decir, como <a href=\"http:\/\/blogia.com\/elmisteriodelosintervalosdesilencio\/\">\u00e9l<\/a>, <a href=\"http:\/\/aureal.blogia.com\/\">\u00e9l<\/a>, <a href=\"http:\/\/www.oficinista.net\/\">\u00e9l<\/a>, <a href=\"http:\/\/www.nachovigalondo.com\/\">\u00e9l<\/a> o incluso <a href=\"http:\/\/blogia.com\/trashi\/\">\u00e9l<\/a>, aunque \u00e9ste \u00faltimo est\u00e9 poco dedicado \u00faltimamente.\t<\/p>\n","protected":false},"excerpt":{"rendered":"<p>Estos d\u00edas estoy en el CAMPO, donde hay bichos y luz natural. Ese lugar: el CAMPO. Con todas las comodidades de una casa moderna, claro que s\u00ed, ya que si no, \u00bfc\u00f3mo podr\u00eda sobrevivir sin ADSL? Hay muchas cosas que se han quedado sin contar estos d\u00edas. Para festejar mi cumplea\u00f1os, Checht me regal\u00f3 dos [&hellip;]<\/p>\n","protected":false},"author":1,"featured_media":0,"comment_status":"open","ping_status":"open","sticky":false,"template":"","format":"standard","meta":{"footnotes":""},"categories":[],"tags":[],"class_list":["post-503","post","type-post","status-publish","format-standard","hentry"],"_links":{"self":[{"href":"http:\/\/www.elenacabrera.com\/weblog3\/wp-json\/wp\/v2\/posts\/503","targetHints":{"allow":["GET"]}}],"collection":[{"href":"http:\/\/www.elenacabrera.com\/weblog3\/wp-json\/wp\/v2\/posts"}],"about":[{"href":"http:\/\/www.elenacabrera.com\/weblog3\/wp-json\/wp\/v2\/types\/post"}],"author":[{"embeddable":true,"href":"http:\/\/www.elenacabrera.com\/weblog3\/wp-json\/wp\/v2\/users\/1"}],"replies":[{"embeddable":true,"href":"http:\/\/www.elenacabrera.com\/weblog3\/wp-json\/wp\/v2\/comments?post=503"}],"version-history":[{"count":2,"href":"http:\/\/www.elenacabrera.com\/weblog3\/wp-json\/wp\/v2\/posts\/503\/revisions"}],"predecessor-version":[{"id":2002002123,"href":"http:\/\/www.elenacabrera.com\/weblog3\/wp-json\/wp\/v2\/posts\/503\/revisions\/2002002123"}],"wp:attachment":[{"href":"http:\/\/www.elenacabrera.com\/weblog3\/wp-json\/wp\/v2\/media?parent=503"}],"wp:term":[{"taxonomy":"category","embeddable":true,"href":"http:\/\/www.elenacabrera.com\/weblog3\/wp-json\/wp\/v2\/categories?post=503"},{"taxonomy":"post_tag","embeddable":true,"href":"http:\/\/www.elenacabrera.com\/weblog3\/wp-json\/wp\/v2\/tags?post=503"}],"curies":[{"name":"wp","href":"https:\/\/api.w.org\/{rel}","templated":true}]}}