{"id":520,"date":"2005-05-16T12:24:15","date_gmt":"2005-05-16T11:24:15","guid":{"rendered":""},"modified":"2017-08-22T14:14:49","modified_gmt":"2017-08-22T12:14:49","slug":"el_masaje","status":"publish","type":"post","link":"http:\/\/www.elenacabrera.com\/weblog3\/2005\/05\/16\/el_masaje\/","title":{"rendered":"El masaje"},"content":{"rendered":"<p>Estos d\u00edas de masaje no me tienen relajada, m\u00e1s bien lo contrario. Escribo sabiendo que la publicaci\u00f3n de esto no ser\u00e1 inmediata pues a\u00fan no hemos salido de ese tipo de pantano que es siempre un update y un redise\u00f1o. Cuando hablo en plural me refiero a <a href=\"http:\/\/www.manuelbartual.com\">Manuel Bartual<\/a>, que de nuevo le est\u00e1 metiendo mano a The Last Dance. Por cierto, hay una historieta suya de montruos que deb\u00e9is leer en ese volumen de tomo y lomo en el que se ha convertido el \u00faltimo n\u00famero de <i>TOS<\/i>, el 13 de despedida. La revista (fanzine dice su tapa) que edita <a href=\"http:\/\/www.astiberri.com\">Astiberri<\/a> y dirige <a href=\"http:\/\/www.juanjoelrapido.com\">Juanjo el R\u00e1pido<\/a> (a quien tambi\u00e9n le est\u00e1 haciendo Manuel su web, por cierto) que est\u00e1 nominada, en la misma categor\u00eda que <a href=\"http:\/\/www.astiberri.com\/trama\">Trama<\/a>, a los <a href=\"http:\/\/www.ficomic.com\/saloncomic2005\/nominados.html\">premios del Sal\u00f3<\/a>. Hay mucho que leer y yo no he empezado todav\u00eda, m\u00e1s que nada porque \u00faltimamente leo poco y lento y ser\u00eda un insulto abrir otros tebeos sin haber terminado <i><a href=\"http:\/\/www.silverbulletcomicbooks.com\/reviews\/109191133943512.htm\">Daredevil Born Again<\/a>, del que me faltan 20 p\u00e1ginas. Hace un par de d\u00edas <a href=\"http:\/\/www.hernanmigoya.com\">Hern\u00e1n<\/a> (que tiene web desde hace poco) me confirm\u00f3 que estar\u00e9 en una <a href=\"http:\/\/www.ficomic.com\/saloncomic2005\/saladeactos.html\">mesa redonda<\/a> titulada <\/i><i>\u00bfPor qu\u00e9 <a href=\"http:\/\/www.crumbproducts.com\/\">Robert Crumb<\/a> no es m\u00e1s famoso que Woody Allen?<\/i> El tema no es Crumb, el t\u00edtulo se sirve de \u00e9l como ejemplo. Estar\u00e1 bien. Mientras en Cannes est\u00e1n los m\u00e1s grandes todos juntos y si alguien pone una bomba adi\u00f3s cine yo no salgo de Madrid -ni incluso de casa- salvo obligaci\u00f3n legal. Imagino que en Cannes habr\u00e1 mucho friki de Star Wars feliz de ser el primero en ver la pel\u00edcula. Pero los frikazos espa\u00f1oles no lo son menos, o mejor, lo son m\u00e1s, y 1.200 de ellos se reunir\u00e1n <a href=\"http:\/\/www.loresdelsith.net\/diario\/epi3\/estreno\/index.htm\">este jueves en Kin\u00e9polis para ver el estreno<\/a> del Episodio III, <i>El Regreso de los Stich<\/i> (supongo que para encontrarse con Lalo), como lo llamaba el domingo 8 El Pa\u00eds en la p\u00e1gina de televisi\u00f3n. Ese tremendo evento me lo ha contado hoy Jorge, fan de la saga y habitual de estos grandes momentos hist\u00f3ricos quien seguro ir\u00e1 Star Wars- cosplay. Me pregunto qu\u00e9 pensar\u00e1 Jorge y muchos otros fans sobre ese sublime episodio de <a href=\"http:\/\/www.spaced-out.org.uk\/\">Spaced<\/a> dedicado al trauma de Tim por <i>La amenaza fantasma<\/i>. El martes tuve a Mario en el programa. Ya lo sab\u00e9is y alguno lo escuch\u00e1steis. S\u00ed, mi plan es alimentar el podcast con las entrevistas que haga en el programa de radio. Espero que le de un empuj\u00f3n al Dancing, ya que ahora no mismo no s\u00e9 cu\u00e1l es el mejor camino para llevarlo. Durante el programa tuve un bloqueo mental al intentar recordar el nombre del sistema para salir de atolladeros creativos que invent\u00f3 Brian Eno junto a Peter Schmidt (un nombre que tampoco recordaba) y del cual he hablado aqu\u00ed m\u00e1s de una vez: <a href=\"http:\/\/www.enoshop.co.uk\/index.php?product_id=8\">las estrategias obl\u00edcuas<\/a>. S\u00f3lo quer\u00eda dejar constancia del olvido. Volviendo al podcast, Juan Franscico Caro me env\u00edo el art\u00edculo sobre podcasting que escribi\u00f3 para el suplemento <i>Telecos \u00bb Internet<\/i> de la <i>Gaceta de los negocios<\/i>. <\/p>\n<p>El tema del podcasting est\u00e1 creciendo en Espa\u00f1a de manera espectacular y poco a poco se va comiendo cada vez m\u00e1s espacio en mi iTunes y mi iPod. <a href=\"http:\/\/www.paramountcomedy.es\/nqp\/escaleta.htm\">Mirad la lista<\/a>. Me he re\u00eddo mucho hace unos d\u00edas, en el coche, con un podcast sobre <a href=\"http:\/\/www.javiersanchez.es\/index.php\/radio\/fulture_y_la_literatura\/\">fulture y literatura<\/a> de <a href=\"http:\/\/www.javiersanchez.es\/index.php\/radio\/\">La radio es interna<\/a> (<a href=\"http:\/\/www.javiersanchez.es\/index.php\/radio\/rss_1.0\/\">RSS<\/a>). Algo de lo que se ha hablado mucho esta semana es la campa\u00f1a en televisi\u00f3n del Festival de Benic\u00e0ssim, que comenz\u00f3 hace unos d\u00edas. Heineken a\u00fan <a href=\"http:\/\/www.heineken.es\/music\/multimedia_by.asp\">no la ha colgado<\/a> en web, como suele hacer con los spots, pero imagino que lo har\u00e1. De todas formas, se puede ver con una resoluci\u00f3n de mierda <a href=\"http:\/\/videos.elmundo.es\/noticias\/2005\/05\/09\/fib.wmv\">aqu\u00ed<\/a>. Esta campa\u00f1a, encargada por Heineken, no ca\u00eddo muy bien en todas partes, causando alg\u00fan que otro desconcierto y cr\u00edtica, por lo que yo he podido ver. Y tambi\u00e9n hay a quien le mola, como es el caso de Tom\u00e1s Fernando Flores, que coment\u00f3 con alborozo el anuncio en su programa. La verdad es que muchos nos enteramos de la existencia de este anuncio por <a href=\"http:\/\/www.elmundo.es\/elmundo\/2005\/05\/09\/comunicacion\/1115660433.html\">esta noticia en El Mundo<\/a>. A m\u00ed me gusta la idea por lo friki y cuando lo le\u00ed no pod\u00eda creerlo: \u00bfpor qu\u00e9 es Juanito Navarro la imagen del Festival? Me acord\u00e9 de las campa\u00f1as del S\u00f3nar, que me entusiasman. Pero esta es todav\u00eda m\u00e1s caspa. \u00bfEs \u00ablo verde\u00bb en Espa\u00f1a las vedettes y los chistes guarros de Juanito Navarro? A veces somos tan modernos que me olvido de que s\u00ed. Si me dejaran a m\u00ed, hubiera puesto Las Matrimoniadas pero claro, a quien han dejado colarse ah\u00ed es a <a href=\"http:\/\/www.nachovigalondo.com\">Nacho Vigalondo<\/a>. Y, al leer su nombre en la noticia pens\u00e9: \u00a1eso lo explica todo! Nacho, el hombre bajo presi\u00f3n, ha prometido hoy en su weblog que no se va a escaquear de hablar del asunto Navarro. A ver si es verdad. \u00a1Miles de ojos te vigilan! <b>Actualizo el 16 de mayo<\/b> siguiendo con el tema del spot: Rafa Gil, de la agencia <a href=\"http:\/\/www.redremo.com\/\">Remo<\/a>, es el creativo de la campa\u00f1a. No os perd\u00e1is <a href=\"http:\/\/www.flickr.com\/photos\/49224833@N00\/14128303\/\">esta foto suya en Flickr<\/a>.\t<\/p>\n","protected":false},"excerpt":{"rendered":"<p>Estos d\u00edas de masaje no me tienen relajada, m\u00e1s bien lo contrario. Escribo sabiendo que la publicaci\u00f3n de esto no ser\u00e1 inmediata pues a\u00fan no hemos salido de ese tipo de pantano que es siempre un update y un redise\u00f1o. Cuando hablo en plural me refiero a Manuel Bartual, que de nuevo le est\u00e1 metiendo [&hellip;]<\/p>\n","protected":false},"author":1,"featured_media":0,"comment_status":"open","ping_status":"open","sticky":false,"template":"","format":"standard","meta":{"footnotes":""},"categories":[3],"tags":[],"class_list":["post-520","post","type-post","status-publish","format-standard","hentry","category-twentytwentyfive"],"_links":{"self":[{"href":"http:\/\/www.elenacabrera.com\/weblog3\/wp-json\/wp\/v2\/posts\/520","targetHints":{"allow":["GET"]}}],"collection":[{"href":"http:\/\/www.elenacabrera.com\/weblog3\/wp-json\/wp\/v2\/posts"}],"about":[{"href":"http:\/\/www.elenacabrera.com\/weblog3\/wp-json\/wp\/v2\/types\/post"}],"author":[{"embeddable":true,"href":"http:\/\/www.elenacabrera.com\/weblog3\/wp-json\/wp\/v2\/users\/1"}],"replies":[{"embeddable":true,"href":"http:\/\/www.elenacabrera.com\/weblog3\/wp-json\/wp\/v2\/comments?post=520"}],"version-history":[{"count":2,"href":"http:\/\/www.elenacabrera.com\/weblog3\/wp-json\/wp\/v2\/posts\/520\/revisions"}],"predecessor-version":[{"id":2002002125,"href":"http:\/\/www.elenacabrera.com\/weblog3\/wp-json\/wp\/v2\/posts\/520\/revisions\/2002002125"}],"wp:attachment":[{"href":"http:\/\/www.elenacabrera.com\/weblog3\/wp-json\/wp\/v2\/media?parent=520"}],"wp:term":[{"taxonomy":"category","embeddable":true,"href":"http:\/\/www.elenacabrera.com\/weblog3\/wp-json\/wp\/v2\/categories?post=520"},{"taxonomy":"post_tag","embeddable":true,"href":"http:\/\/www.elenacabrera.com\/weblog3\/wp-json\/wp\/v2\/tags?post=520"}],"curies":[{"name":"wp","href":"https:\/\/api.w.org\/{rel}","templated":true}]}}