{"id":527,"date":"2005-05-20T16:55:32","date_gmt":"2005-05-20T15:55:32","guid":{"rendered":""},"modified":"2017-08-22T14:16:07","modified_gmt":"2017-08-22T12:16:07","slug":"tos_ha_muerto","status":"publish","type":"post","link":"http:\/\/www.elenacabrera.com\/weblog3\/2005\/05\/20\/tos_ha_muerto\/","title":{"rendered":"TOS ha muerto, \u00a1a la mierda!"},"content":{"rendered":"<p><i>PRESENTACI\u00d3N DEL N\u00daMERO FINAL DEL FANZINE TOS (192 p\u00e1ginas, 11 euros) EL JUEVES 26 DE MAYO A PARTIR DE LAS 19:30 Colaboradores: Albert Monteys, Alberto V\u00e1zquez, \u00c1lex Fito, Andr\u00e9s Leiva, Antonio de Egipto, Borja Crespo, Calo, Ceferino Gal\u00e1n, Danim\u00e1iz, Dar\u00edo Adanti, David Rub\u00edn, Elena Cabrera, El hombre que p\u00eda, Esteban Hern\u00e1ndez, Federico Pazos, Ferm\u00edn Sol\u00eds, Guibo, Gustavo Rico, Infame, Jali, Jordi Pastor, Jorge Garc\u00eda, Jos\u00e9 Carlos Fern\u00e1ndez, Jos\u00e9 Luis \u00c1greda, Juaco Vizuete, Juan Berrio, Juanjo el R\u00e1pido, Kb, Ken Niimura, Lola Lorente, Lorenzo G\u00f3mez, Luci Guti\u00e9rrez, Manel Fontdevila, Manuel Bartual, Marco Robledo, Max, Micko, Miguel \u00c1ngel Mart\u00edn, Miguel B. N\u00fa\u00f1ez, Miguel Brieva, Olaf Ladousse, \u00d3scar Sarramia, Paco Roca, Pedro F. Navarro, Raquel Alzate, Santiago Valenzuela, Sergio C\u00f3rdoba, Sonia Pulido, To\u00f1o Benavides y V\u00edctor Rivas.<br \/>\nPor primera vez en la historia del tebeo espa\u00f1ol, un fanzine presenta su \u00faltimo ejemplar en una fiesta cu\u00e1druple. COCIDO EN MADRID En la librer\u00eda Madrid Comics (c\/ Silva 17, tel. 91.559.16.02, metro Callao) habr\u00e1 alimento para el cuerpo y el alma. M\u00fasica ye-ye, vinito y premios. A los primeros 50 compradores se les obsequiar\u00e1 con un ejemplar de otro fanzine valorado en 6 euros. Los autores madrile\u00f1os de TOS firmar\u00e1n ejemplares de la publicaci\u00f3n y se regalar\u00e1 un original a la persona que antes de las 20.30 acierte el quinteto titular que Pepu Hern\u00e1ndez alinear\u00e1 en el tercer partido de play-off que enfrenta a esa hora al Barcelona con el Estudiantes. Maestro de ceremonias: Juanjo el R\u00e1pido. MARMITAKO EN BILBAO En la librer\u00eda Joker (c\/ Bertendona 2 tel.94.415.91.27, metro Abando) se pondr\u00e1 a la venta el n\u00famero a partir de la hora citada y en el bar Bullit (c\/ 2 de mayo, metro Abando) tendr\u00e1 lugar una fiesta muy especial que contar\u00e1 con la presencia de distintos autores de Bilbao, colaboradores de este \u00faltimo TOS: Raquel Alzate,DaniMaiz e Infame \u00bb co, que realizar\u00e1n un c\u00f3mic en vivo con los temas que les planteen los asistentes al evento al ritmo que marcala m\u00fasica del dj. Adem\u00e1s se realizar\u00e1n diversas actividades paralelas para implicar al p\u00fablico presente. A los primeros 50 compradores se les obsequiar\u00e1 con un ejemplar de otro fanzine valorado en 6 euros. Maestro de ceremonias: Fernando Taranc\u00f3n. PAELLA EN VALENCIA En la librer\u00eda Futurama (c\/ Guillem de Castro 53, tel. 96.351.91.88 &#8211; 96.394.19.82, metro \u00c1ngel Guimer\u00e1) se servir\u00e1 a partir del horario establecido un vino de honor, con alternativas no alcoh\u00f3licas para menores, abstemios y conductores. A los primeros 50 compradores se les obsequiar\u00e1 con un ejemplar de otro fanzine valorado en 6 euros. Los autores levantinos de TOS firmar\u00e1n ejemplares de la publicaci\u00f3n. Maestro de ceremonias: \u00c1lvaro Pons. ESCALIBADA EN BARCELONA En la librer\u00eda Arkham (c\/ Xucl\u00e1 16, tel. 93.412.45.52, metros Liceu y Catalunya) y a partir de la hora citada se abrir\u00e1 excepcionalmente la parte de arriba para acoger el velatorio. Habr\u00e1 una mini exposici\u00f3n de fanzines exiguos, de n\u00famero \u00fanico, extintos o con fecha de caducidad asegurada y fija. Habr\u00e1 m\u00fasica f\u00fanebre, velas, lambrusco, pastas y m\u00e1s sorpresas. A los primeros 50 compradores se les obsequiar\u00e1 con un ejemplar de otro fanzine valorado en 6 euros. Los autores catalanes de TOS firmar\u00e1n ejemplares de la publicaci\u00f3n. Maestro de ceremonias: Ra\u00fal Garc\u00eda. Esperamos que asist\u00e1is al funeral vestidos de luto riguroso y que difund\u00e1is este mensaje entre todos vuestros conocidos, amigos, familia y allegados. Descanse en paz (y nosotros tambi\u00e9n).<\/i> <\/p>\n","protected":false},"excerpt":{"rendered":"<p>PRESENTACI\u00d3N DEL N\u00daMERO FINAL DEL FANZINE TOS (192 p\u00e1ginas, 11 euros) EL JUEVES 26 DE MAYO A PARTIR DE LAS 19:30 Colaboradores: Albert Monteys, Alberto V\u00e1zquez, \u00c1lex Fito, Andr\u00e9s Leiva, Antonio de Egipto, Borja Crespo, Calo, Ceferino Gal\u00e1n, Danim\u00e1iz, Dar\u00edo Adanti, David Rub\u00edn, Elena Cabrera, El hombre que p\u00eda, Esteban Hern\u00e1ndez, Federico Pazos, Ferm\u00edn Sol\u00eds, [&hellip;]<\/p>\n","protected":false},"author":1,"featured_media":0,"comment_status":"open","ping_status":"open","sticky":false,"template":"","format":"standard","meta":{"footnotes":""},"categories":[],"tags":[],"class_list":["post-527","post","type-post","status-publish","format-standard","hentry"],"_links":{"self":[{"href":"http:\/\/www.elenacabrera.com\/weblog3\/wp-json\/wp\/v2\/posts\/527","targetHints":{"allow":["GET"]}}],"collection":[{"href":"http:\/\/www.elenacabrera.com\/weblog3\/wp-json\/wp\/v2\/posts"}],"about":[{"href":"http:\/\/www.elenacabrera.com\/weblog3\/wp-json\/wp\/v2\/types\/post"}],"author":[{"embeddable":true,"href":"http:\/\/www.elenacabrera.com\/weblog3\/wp-json\/wp\/v2\/users\/1"}],"replies":[{"embeddable":true,"href":"http:\/\/www.elenacabrera.com\/weblog3\/wp-json\/wp\/v2\/comments?post=527"}],"version-history":[{"count":2,"href":"http:\/\/www.elenacabrera.com\/weblog3\/wp-json\/wp\/v2\/posts\/527\/revisions"}],"predecessor-version":[{"id":2002002127,"href":"http:\/\/www.elenacabrera.com\/weblog3\/wp-json\/wp\/v2\/posts\/527\/revisions\/2002002127"}],"wp:attachment":[{"href":"http:\/\/www.elenacabrera.com\/weblog3\/wp-json\/wp\/v2\/media?parent=527"}],"wp:term":[{"taxonomy":"category","embeddable":true,"href":"http:\/\/www.elenacabrera.com\/weblog3\/wp-json\/wp\/v2\/categories?post=527"},{"taxonomy":"post_tag","embeddable":true,"href":"http:\/\/www.elenacabrera.com\/weblog3\/wp-json\/wp\/v2\/tags?post=527"}],"curies":[{"name":"wp","href":"https:\/\/api.w.org\/{rel}","templated":true}]}}