{"id":534,"date":"2005-05-25T19:13:51","date_gmt":"2005-05-25T17:13:51","guid":{"rendered":""},"modified":"-0001-11-30T00:00:00","modified_gmt":"-0001-11-29T22:00:00","slug":"post_name","status":"publish","type":"post","link":"http:\/\/www.elenacabrera.com\/weblog3\/2005\/05\/25\/post_name\/","title":{"rendered":"Las P2P son buenas y porqu\u00e9"},"content":{"rendered":"<p>\t<center><img src=-http:\/\/photos13.flickr.com\/16049595_0b80917483_o.jpg- alt=-Jorge Cortell- \/><\/center> Esta ma\u00f1ana he estado, tal y como amenac\u00e9, en <a href=\"http:\/\/homepage.mac.com\/jorgecortell\/blogwavestudio\/LH20041117170647\/LHA20050526071217\/index.html\">la conferencia<\/a> que ha dado <a href=\"http:\/\/jorge.cortell.net\/\">Jorge Cortell<\/a> en la Facultad de Inform\u00e1tica de la Polit\u00e9cnica. (Israel Herraiz tambi\u00e9n estuvo all\u00ed y escribe sobre ella <a href=\"http:\/\/herraiz.org\/blog\/index.php?p=17\">aqu\u00ed<\/a>). S\u00f3lo en la parte de la ma\u00f1ana porque se ha alargado tanto que hubo que cortar para comer y seguir despu\u00e9s. Me gust\u00f3 mucho su actitud: yo estar\u00e9 aqu\u00ed hasta que vosotros quer\u00e1is o venga alguien a echarme, por eso tengo el billete de vuelta abierto. Y supongo que as\u00ed ha sido. Tengo algunos trozos grabados en mp3 que podcastear\u00e9. Ayer <a href=\"http:\/\/www.murciegalo.com\/\">Felipe Croma<\/a> me pregunt\u00f3 si hab\u00eda hablado <a href=\"http:\/\/homepage.mac.com\/jorgecortell\/blogwavestudio\/LH20041117170647\/LHA20050525074451\/index.html\">sobre su curr\u00edculum<\/a>, la pen\u00faltima pol\u00e9mica relacionada con Cortell. Hablar expl\u00edcitamente no, pero s\u00ed salpic\u00f3 algunos comentarios f\u00e1ciles de pillar para los que estuvieran enterados del asunto y adem\u00e1s, sobre la diapositiva de su presentaci\u00f3n donde aparec\u00edan sus titulaciones, hab\u00eda puesto un enorme sello rojo que dec\u00eda \u00abHomo sapiens activista\u00bb. Por cierto, la presentaci\u00f3n est\u00e1 disponible <a href=\"http:\/\/homepage.mac.com\/jorgecortell\/blogwavestudio\/LH20041021114344\/LHA20050504184022\/Media\/LHA20050504184126.zip\">aqu\u00ed<\/a>. <center><img src=-http:\/\/photos14.flickr.com\/16049596_03bbcf8870_o.jpg- alt=-Jorge Cortell- \/> Fotos guardadas en <a href=\"http:\/\/www.flickr.com\/photos\/elenac\/\">Flickr<\/a>.<\/center> Habl\u00f3 sobre los conceptos en los que se basa la propiedad intelectual y c\u00f3mo el origen del copyright est\u00e1 en los editores tras la imprenta, no en los autores, relacionado con la censura y el monopolio. Me gust\u00f3 tambi\u00e9n el espectro que dibuj\u00f3, donde en un extremo est\u00e1 la censua, siguiendo hacia el centro encontramos el copyright y si seguimos avanzando otros tipos de licencias como las Creative Commons, el copyleft y&#8230; \u00bfqu\u00e9 hay hacia el otro extremo? Recog\u00ed el concepto de <i>suidad<\/i> de <a href=\"http:\/\/www.zubiri.net\/\">Xavier Zubiri<\/a> y lo situ\u00f3 en ese punto, invalidadndo la propiedad intelectual. Algo as\u00ed como que no puedes poseer las ideas, son <i>suyas<\/i>. Atac\u00f3 fuertemente la Ley de Propiedad Intelectual con unos argumentos claros que pod\u00e9is ver en la presentaci\u00f3n, as\u00ed que no los voy a repetir. Explic\u00f3 que hay quien decie que se necesita esta ley para defenderse del plagio pero \u00e9l argument\u00f3 que si no existiera el plagio, que otro se atribuya la autor\u00eda de algo nuestro estar\u00eda impedidopor un concepto que ya existe, que es el de fraude. Bueno, un jurista nos tendr\u00eda que explicar si realmente estar\u00edamos cubiertos tal y como es la legistlaci\u00f3n espa\u00f1ola. De todas formas, compart\u00eda ya de antes lo que opina Cortell sobre la propiedad intelectual, incluso (o mejor: sobre todo) el hecho de que son dos conceptos antag\u00f3nicos colocados juntos. Puso el ejemplo de las manzanas y las ideas. Si los dos tenemos una manzana y yo te doy la m\u00eda, t\u00fa tienes dos y yo ninguna. Si los dos tenemos una idea y yo te doy la m\u00eda, <strike>los dos tenemos dos ideas<\/strike>, t\u00fa tienes dos ideas pero yo no pierdo la m\u00eda. Est\u00e1 claro \u00bfno? Es un ejemplo <strike>irrevatible<\/strike> irrebatible. Tambi\u00e9n mencion\u00f3 el <a href=\"http:\/\/www.kimbawlion.com\/rant2.htm\">famoso plagio de Disney a Osamu Tezuka<\/a> con Kimba The White Lion \/ El Rey Le\u00f3n y en la presentaci\u00f3n se pueden ver otros ejemplos similares. Tambi\u00e9n habl\u00f3 mucho de la industria de la m\u00fasica. Hizo una sugerencia agresiva que no hab\u00eda pensado: \u00bfY si se restringiera el tiempo de copyright a dos semanas? Dos semanas para venta y promoci\u00f3n de un disco. Dos semanas en las que, como si fuera un tiempo de queda, no hubiera libre distribuci\u00f3n. Pero despu\u00e9s s\u00ed. \u00c9l piensa que no se descargar\u00edan esas obras, que se respetar\u00eda. Y luego est\u00e1 el argumento que muchos defendemos sobre porqu\u00e9 son buenas las P2P para la m\u00fasica: porque te hacen conocer m\u00e1s m\u00fasica, comprar m\u00e1s. Dijo que este periodo en el que te bajas todo lo que encuentras es como una vacuna. Despu\u00e9s, cuando conoces mucha m\u00e1s m\u00fasica que antes, erees selectivo y, si el disco es barato y te gusta y lo quieres te lo compras. El resto de cosas que te has bajado no las hubieras comprado si no existieran las P2P. Otra cosa que no sab\u00eda: seg\u00fan el derecho mercantil es ilegal hacer un contrato por discos que todav\u00eda no has grabado, por discos que no existen. (!) Otra sugerencia suya: implicaci\u00f3n de la indsutria tecnol\u00f3gica en la libre distribuci\u00f3n de la cutlura. Un supermegagran servidor donde todos podamos acceer para descargar las obras de las que queramos disfrutar. podr\u00edamos pagar una cantidad peque\u00f1a por cada descargar que remunerar\u00eda directamente al autor descargado. De hecho, digo yo, Google est\u00e1 haciendo algo as\u00ed con las obras cuyo copyright ha expirado y en Europa est\u00e1n nerviosos porque es una empresa americana quien hace esto. Mi opini\u00f3n es que debe ser el sector p\u00fablico, las administraciones, quien haga esto. No las empresas tecnol\u00f3gicas&#8230; &#8230;no s\u00e9 porqu\u00e9 tengo tanta fe todav\u00eda en lo p\u00fablico. Una persona pregunt\u00f3 si es legal usar P2P desde las universidades espa\u00f1olas. Cortell dijo que no ve ning\u00fan motivo por el que sea ilegal pero, en cambio, no se puede hacer (excepto usando alg\u00fan truco complicado) por que la Red Iris (la red que conecta a las universidades) tiene capados los puertos necesarios para usar P2P. Lo que me llev\u00f3 a preguntarle si, en ese caso, podemos denunciar a los administradores de Red Iris. \u00c9l me contest\u00f3 que, precisamente, es algo en lo que est\u00e1 trabajando y de lo que informar\u00e1 pr\u00f3ximmente, pero por ahora no pod\u00eda decir mucho m\u00e1s. En su entrada de esta ma\u00f1ana en el blog dice: <\/p>\n<blockquote><p><i>Durante mi conferencia de ayer en la Universidad Polit\u00e9cnica de Madrid hice uso (tras no pocas dificultades t\u00e9cnicas, como es normal en una Universidad conectada a RedIris, tema que comentar\u00e9 la semana que viene cuando publique el estudio de las restricciones para acceder a la red desde las universidades espa\u00f1olas) de las redes P2P para \u00absubir\u00bb y \u00abbajar\u00bb archivos protegidos por la Ley de Propiedad Intelectual.<\/i><\/p><\/blockquote>\n<p> Esta tarde grabo dos colaboraciones para <a href=\"http:\/\/www.paramountcomedy.es\/nqp\/escaleta.htm\">Nada que perder<\/a> y voy a intentar ser muy clara y bruta con el tema de las P2P en una de ellas. A ver si queda bien. <\/p>\n<p class=\"credits\">Technorati Tags: <a href=\"http:\/\/technorati.com\/tag\/Jorge Cortell\" rel=\"tag\">Jorge Cortell<\/a> | <a href=\"http:\/\/technorati.com\/tag\/Tezuka\" rel=\"tag\">Tezuka<\/a> |<a href=\"http:\/\/technorati.com\/tag\/P2P\" rel=\"tag\">P2P<\/a> | <\/p>\n","protected":false},"excerpt":{"rendered":"<p>Esta ma\u00f1ana he estado, tal y como amenac\u00e9, en la conferencia que ha dado Jorge Cortell en la Facultad de Inform\u00e1tica de la Polit\u00e9cnica. (Israel Herraiz tambi\u00e9n estuvo all\u00ed y escribe sobre ella aqu\u00ed). S\u00f3lo en la parte de la ma\u00f1ana porque se ha alargado tanto que hubo que cortar para comer y seguir despu\u00e9s. [&hellip;]<\/p>\n","protected":false},"author":1,"featured_media":0,"comment_status":"open","ping_status":"open","sticky":false,"template":"","format":"standard","meta":{"footnotes":""},"categories":[],"tags":[],"class_list":["post-534","post","type-post","status-publish","format-standard","hentry"],"_links":{"self":[{"href":"http:\/\/www.elenacabrera.com\/weblog3\/wp-json\/wp\/v2\/posts\/534","targetHints":{"allow":["GET"]}}],"collection":[{"href":"http:\/\/www.elenacabrera.com\/weblog3\/wp-json\/wp\/v2\/posts"}],"about":[{"href":"http:\/\/www.elenacabrera.com\/weblog3\/wp-json\/wp\/v2\/types\/post"}],"author":[{"embeddable":true,"href":"http:\/\/www.elenacabrera.com\/weblog3\/wp-json\/wp\/v2\/users\/1"}],"replies":[{"embeddable":true,"href":"http:\/\/www.elenacabrera.com\/weblog3\/wp-json\/wp\/v2\/comments?post=534"}],"version-history":[{"count":0,"href":"http:\/\/www.elenacabrera.com\/weblog3\/wp-json\/wp\/v2\/posts\/534\/revisions"}],"wp:attachment":[{"href":"http:\/\/www.elenacabrera.com\/weblog3\/wp-json\/wp\/v2\/media?parent=534"}],"wp:term":[{"taxonomy":"category","embeddable":true,"href":"http:\/\/www.elenacabrera.com\/weblog3\/wp-json\/wp\/v2\/categories?post=534"},{"taxonomy":"post_tag","embeddable":true,"href":"http:\/\/www.elenacabrera.com\/weblog3\/wp-json\/wp\/v2\/tags?post=534"}],"curies":[{"name":"wp","href":"https:\/\/api.w.org\/{rel}","templated":true}]}}