{"id":537,"date":"2005-05-29T21:09:01","date_gmt":"2005-05-29T19:09:01","guid":{"rendered":""},"modified":"-0001-11-30T00:00:00","modified_gmt":"-0001-11-29T22:00:00","slug":"post_name","status":"publish","type":"post","link":"http:\/\/www.elenacabrera.com\/weblog3\/2005\/05\/29\/post_name\/","title":{"rendered":"&#038;Si se cumple el deseo, se rompe el sue\u00f1o&#038;"},"content":{"rendered":"<p>\tLa frase no es m\u00eda, se la acabo de leer a Ana Mar\u00eda Matute en una entrevista muy buena en El Pa\u00eds de hoy. Un domingo extra\u00f1o. Silencioso y lento, s\u00ed, como todos los domingos, pero adem\u00e1s solitario. No es que yo lo est\u00e9, es que pareciera que hoy todo el mundo est\u00e1 ausente. Los que han ido a festivales (<a href=\"http:\/\/www.primaverasound.com\">Primavera Sound<\/a> y <a href=\"http:\/\/www.festimad.es\">Festimad<\/a>) estar\u00e1n cansados, molidos, derrotados en sus sof\u00e1s. Con este seguimiento de quien trabaja en un sitio y no le quita ojo a la competencia, Aldo y yo leemos aqu\u00ed y all\u00e1 lo que ha pasado en los festivales. Una cosa es clara: coincidir el mismo fin de semana es malo, informativamente hablando tambi\u00e9n. Aunque esta semana lo pas\u00e9 mal por la incertidumbre de si ir\u00eda o no al PS, al leer las cr\u00edticas al concierto de New Order llego incluso a aliviarme de no haber ido. De todo lo que he le\u00eddo, Luis Hidalgo en El Pa\u00eds ha sido el m\u00e1s claro e incisivo: de los New Order que adoramos s\u00f3lo se ha visto su poder convocatoria (no es literal, pero viene a decir eso). Por otro lado, a Festimad Sur se le deshabilit\u00f3 ayer uno de los dos escenarios por culpa de unos focos derribados por el viento (he podido entender, ya que no he le\u00eddo en ning\u00fan sitio nada muy preciso. Y la gente entr\u00f3 en caos \u00bb disorder porque se les hizo esperar horas y todo lleg\u00f3 con restraso, pero lleg\u00f3. A veces pienso que si yo fuera director de un festival acabar\u00eda derramando litros de gasolina desde el escenario y tirando accidentalmente una cerilla encendida. \u00bfDe verdad piensan que cuando ocurre algo as\u00ed hay alguien que tiene la culpa? Pienso en \u00c1lvaro y la gente de Festimad y me pongo triste. Muchos sabemos c\u00f3mo se trabaja para montar algo como esto y s\u00e9 que a nadie le duele m\u00e1s que a un organizador. Pero tambi\u00e9n pienso que, en el cap\u00edtulo de dolores, m\u00e1s que una cancelaci\u00f3n, rotura o retraso, a un organizador le jode la incomprensi\u00f3n del p\u00fablico. <b>Actualizaci\u00f3n 23:30<\/b>: Echad un vistazo a los comentarios de esta entrada, que merece la pena. Jeky cita un comentario en <a href=\"http:\/\/www.20minutos.es\/noticia\/27255\/0\/festimad\/incubus\/destrozos\/\">20minutos.es (leed los comentarios)<\/a> <i>\u00abFue pq habia unos 20 servicios, unas 10 duchas y 4 grifos de agua. Fue pq no habia ni un puto arbol, ni una sombra, ni un trozo de hierba. Solo habia polvo y m\u00e1s polvo que tragamos y tragamos. Eso para mas 45000 persona, por el precio q tiene, con la colaboracion de nose cuantos ayuntamientos, mas mil cosas mas tratando a la gente como animales\u00bb<\/i>. Y Frank: <i>\u00abnos metieron en un erial, en un campo de minas donde solo hab\u00eda polvo. Ah, y m\u00e1s polvo. \u00bfRaz\u00f3n? Caben m\u00e1s personas, vale menos pasta. \u00bfTe crees que somos tontos? La paciencia llega a un l\u00edmite, y tener a 50000 personas enga\u00f1adas y encima jodidas por todo lo que hab\u00eda pasado antes, pues es jodido.Mira, ni foco ni ostias. Los conciertos se pararon porque el techo de unos de los escenarios quer\u00eda salir volando. Y te puedo asegurar que no hac\u00eda tanto tiempo. S\u00e9 que eso puede ser culpa de alg\u00fan fumado despistado. Pero la culpa reside en la organizaci\u00f3n, convendr\u00e1s conmigo\u00bb.<\/i> <center><img decoding=\"async\" src=\"http:\/\/photos12.flickr.com\/16279388_1569d4ff58_o.jpg\"\/> Foto colgada en <a href=\"http:\/\/www.flickr.com\/photos\/elenac\/\">Flickr<\/a><\/center> Si se cumple el deseo se rompe el sue\u00f1o, dice una mujer rara a punto de cumplir 80 a\u00f1os. Yo nunca la he le\u00eddo. Yo he le\u00eddo muy poco. Pero me hace pensar en Carmen Mart\u00edn Gaite, cogeneracionales, a quien s\u00ed he le\u00eddo. no mucho, tambi\u00e9n s\u00f3lo un poquito. Y he empezado a pensar que deber\u00eda aprender m\u00e1s de ellas. No tanto ley\u00e9ndolas (que s\u00ed) sino pidi\u00e9ndoles ayuda para encontrar mi lugar, que me he ido perdiendo (un poco) como el abuelo en la niebla de Amarcord. Me asalta la cara de desilusi\u00f3n del Saski cuando me dec\u00eda que s\u00f3lo le\u00eda cosas geek en mi weblog. Me pregunt\u00f3 sobre qu\u00e9 era el \u00faltimo post y yo dije: \u00abbueno, el \u00faltimo no es geek, es sobre P2P\u00bb y tendr\u00edais que haber visto su cara. Con esos ojos a lo Uzumaki orbitando hacia atr\u00e1s y la boca abierta. Ya, ya. Las grabaciones de Nada Que Perder fueron de pena. En la repetici\u00f3n de una de ellas, la que hablaba sobre Cortell y las redes P2P, escuch\u00e9 la presentaci\u00f3n de Ricardo oculta detr\u00e1s del decorado, fij\u00e1ndome en los esqueletos del atrezzo a medio pintar por las partes que nadie ve, los n\u00fameros apuntados r\u00e1pidamente por los carpinteros, alg\u00fan rastro de silicona gritando \u00abtira de m\u00ed, Elena\u00bb. Y de lejos, la voz de Ricardo haciendo la presentaci\u00f3n. Miro de reojo al p\u00fablico. Unos le observan, otros me miran, esperando ver c\u00f3mo salgo (\u00bfesperando ver si me caigo?). \u00c9l dice \u00ab\u00a1nuestra invitada de hoy viene a hablarnos de La Guerra de las Galaxias!\u00bb y tardo un segundo m\u00e1s en salir porque pienso que Castella se ha equivocado, como cuando dijo mi nombre en lugar de \u00c1ngeles Gonz\u00e1lez-Sinde. Le doy dos besos, me siento, me pregunta algo sobre Star Wars y lo flipo, de hecho, seguro que puse una evidente cara de <i>lo flipo<\/i>. Y \u00e9l me dice, s\u00ed, a ver, que tengo aqu\u00ed apuntado que vas a hablarnos de C3PO y no s\u00e9 qu\u00e9 otros&#8230; Y entonces ya, por fin, pillo el chiste. P2P, C3Po, vale&#8230; en ese momento me sent\u00ed torpe, aburrida, fallida. Ten\u00eda ganas de arrinconarme en una butaca y ver El imperio contrataca y \u00a1zas! Elena despierta. Un plat\u00f3, c\u00e1maras, un presentador, p\u00fablico mir\u00e1ndome, veo las caras de una de las maquilladoras, sentadas entre el p\u00fablico, que me mira muy seria. De hecho, es lo \u00fanico que veo. Y ah\u00ed estoy, teniendo que defender las redes P2P con mis garras y mis dientes de wookie. \u00a1Zas! Elena, despierta. Lo peor es que perd\u00eda el hilo y no me cre\u00eda ni yo lo que estaba contando. Mientras hablaba escuchaba la voz de Antonio que se colaba desde el pinganillo de Ricardo. \u00a1Y no paraba de hablar! \u00bfQu\u00e9 le estar\u00eda contando? Yo siempre me he identificado mucho con R2D2. Esa unidad siempre me ha dado cierta envidia. \u00a1Zas! \u00a1Zas! \u00a1Elena! \u00a1Elena! \u00a1Despierta! \u00a1Despierta! Sufro de la tendencia a confiarme de que hay cosas que siempre van a estar all\u00ed y luego me llevo la gran depresi\u00f3n cuando me entero de que han derribado un edificio, se ha muerto alguien que tiene mi edad o ha desaparecido una colecci\u00f3n de fotos que me hab\u00eda hecho so\u00f1ar. Tengo algunos amigos que est\u00e1n tocados porque se les ha ido un amigo (no hace falta que diga qui\u00e9n), por accidente. Eso destruye la normalidad, para siempre. Y bueno, en estos d\u00edas me enfrento mucho, a cabezazos, contra la tecnolog\u00eda y tengo la sensaci\u00f3n de que ya basta. Que en realidad yo no quiero ser una geek acomplejada. Que quiero la tecnolog\u00eda a mi servicio pero, por mucho que \u00e9sta me fascine, la quiero como medio para hacer otras cosas. Que no quiero que se me pase el tiempo. Y eso es algo que no debo olvidar, o me pierdo.\t<\/p>\n","protected":false},"excerpt":{"rendered":"<p>La frase no es m\u00eda, se la acabo de leer a Ana Mar\u00eda Matute en una entrevista muy buena en El Pa\u00eds de hoy. Un domingo extra\u00f1o. Silencioso y lento, s\u00ed, como todos los domingos, pero adem\u00e1s solitario. No es que yo lo est\u00e9, es que pareciera que hoy todo el mundo est\u00e1 ausente. Los [&hellip;]<\/p>\n","protected":false},"author":1,"featured_media":0,"comment_status":"open","ping_status":"open","sticky":false,"template":"","format":"standard","meta":{"footnotes":""},"categories":[],"tags":[],"class_list":["post-537","post","type-post","status-publish","format-standard","hentry"],"_links":{"self":[{"href":"http:\/\/www.elenacabrera.com\/weblog3\/wp-json\/wp\/v2\/posts\/537","targetHints":{"allow":["GET"]}}],"collection":[{"href":"http:\/\/www.elenacabrera.com\/weblog3\/wp-json\/wp\/v2\/posts"}],"about":[{"href":"http:\/\/www.elenacabrera.com\/weblog3\/wp-json\/wp\/v2\/types\/post"}],"author":[{"embeddable":true,"href":"http:\/\/www.elenacabrera.com\/weblog3\/wp-json\/wp\/v2\/users\/1"}],"replies":[{"embeddable":true,"href":"http:\/\/www.elenacabrera.com\/weblog3\/wp-json\/wp\/v2\/comments?post=537"}],"version-history":[{"count":0,"href":"http:\/\/www.elenacabrera.com\/weblog3\/wp-json\/wp\/v2\/posts\/537\/revisions"}],"wp:attachment":[{"href":"http:\/\/www.elenacabrera.com\/weblog3\/wp-json\/wp\/v2\/media?parent=537"}],"wp:term":[{"taxonomy":"category","embeddable":true,"href":"http:\/\/www.elenacabrera.com\/weblog3\/wp-json\/wp\/v2\/categories?post=537"},{"taxonomy":"post_tag","embeddable":true,"href":"http:\/\/www.elenacabrera.com\/weblog3\/wp-json\/wp\/v2\/tags?post=537"}],"curies":[{"name":"wp","href":"https:\/\/api.w.org\/{rel}","templated":true}]}}