{"id":551,"date":"2005-06-01T12:18:49","date_gmt":"2005-06-01T10:18:49","guid":{"rendered":""},"modified":"2019-03-12T11:23:24","modified_gmt":"2019-03-12T09:23:24","slug":"esta-tarde-ultimo-baile","status":"publish","type":"post","link":"http:\/\/www.elenacabrera.com\/weblog3\/2005\/06\/01\/esta-tarde-ultimo-baile\/","title":{"rendered":"Esta tarde en El \u00daltimo Baile"},"content":{"rendered":"<p>Hoy en <i>El \u00faltimo baile<\/i>, el programa de radio que hago los martes a las siete en <a href=\"http:\/\/www.radiocarcoma.com\">Radio Carcoma<\/a> (107.9 fm en Madrid y online <a href=\"http:\/\/servidor2.todoexitos.com:6110\/\">aqu\u00ed<\/a>) estar\u00e1 <b>Carlos Entrena<\/b>, cantante de uno de los grupos m\u00e1s singulares, propios y emocionantes que ha dado el pop espa\u00f1ol: <a href=\"http:\/\/www.elenacabrera.com\/weblog\/?p=151\">D\u00e9cima V\u00edctima<\/a>. Nos traer\u00e1 canciones y hablaremos de m\u00fasica.<\/p>\n<p><center><img decoding=\"async\" src=\"http:\/\/autoreversediscos.com\/elena\/images\/carlos_LarsKrantz.jpg\" \/><\/center>No deber\u00edais perd\u00e9roslo. Para los que no puedan escuchar a las siete ni las rpeticiones a la una esta noche y a las nueve ma\u00f1ana por la ma\u00f1ana, cuando me pasen el programa lo podcastear\u00e9. <b>Actualizaci\u00f3n 1 de junio<\/b> El playlist de ayer, para Jos\u00e9 Mar\u00eda y dem\u00e1s curiosos: Sinton\u00eda \u00abLast Dance\u00bb, The Cure. Fondo \u00abThey-re Closing Down The Shop\u00bb, The Remote Viewer (y la que se col\u00f3 fue \u00abIt-s so funny how we don-t talk anymore\u00bb, ambas del disco \u00abLet Your Heart Draw A Line\u00bb). \u00abLittle Sister\u00bb, Elvis Presley. \u00abShangri-La\u00bb, The Kinks. \u00abDomino\u00bb, Van Morrison. \u00abAshes To Ashes\u00bb, David Bowie. \u00abMacking Plans For Nigel\u00bb, xtc. \u00abKarma Police\u00bb, Radiohead. \u00abUn hombre solo\u00bb, D\u00e9cima V\u00edctima.<\/p>\n<p class=\"credits\">Technorati Tags: <a href=\"http:\/\/technorati.com\/tag\/carlos entrena\" rel=\"tag\">carlos entrena<\/a> | <a href=\"http:\/\/technorati.com\/tag\/d\u00e9cima v\u00edctima\" rel=\"tag\">d\u00e9cima v\u00edctima<\/a> | <a href=\"http:\/\/technorati.com\/tag\/radio carcoma\" rel=\"tag\">radio carcoma<\/a> |<\/p>\n","protected":false},"excerpt":{"rendered":"<p>Hoy en El \u00faltimo baile, el programa de radio que hago los martes a las siete en Radio Carcoma (107.9 fm en Madrid y online aqu\u00ed) estar\u00e1 Carlos Entrena, cantante de uno de los grupos m\u00e1s singulares, propios y emocionantes que ha dado el pop espa\u00f1ol: D\u00e9cima V\u00edctima. Nos traer\u00e1 canciones y hablaremos de m\u00fasica. [&hellip;]<\/p>\n","protected":false},"author":1,"featured_media":0,"comment_status":"open","ping_status":"open","sticky":false,"template":"","format":"standard","meta":{"footnotes":""},"categories":[3],"tags":[],"class_list":["post-551","post","type-post","status-publish","format-standard","hentry","category-twentytwentyfive"],"_links":{"self":[{"href":"http:\/\/www.elenacabrera.com\/weblog3\/wp-json\/wp\/v2\/posts\/551","targetHints":{"allow":["GET"]}}],"collection":[{"href":"http:\/\/www.elenacabrera.com\/weblog3\/wp-json\/wp\/v2\/posts"}],"about":[{"href":"http:\/\/www.elenacabrera.com\/weblog3\/wp-json\/wp\/v2\/types\/post"}],"author":[{"embeddable":true,"href":"http:\/\/www.elenacabrera.com\/weblog3\/wp-json\/wp\/v2\/users\/1"}],"replies":[{"embeddable":true,"href":"http:\/\/www.elenacabrera.com\/weblog3\/wp-json\/wp\/v2\/comments?post=551"}],"version-history":[{"count":2,"href":"http:\/\/www.elenacabrera.com\/weblog3\/wp-json\/wp\/v2\/posts\/551\/revisions"}],"predecessor-version":[{"id":2002002408,"href":"http:\/\/www.elenacabrera.com\/weblog3\/wp-json\/wp\/v2\/posts\/551\/revisions\/2002002408"}],"wp:attachment":[{"href":"http:\/\/www.elenacabrera.com\/weblog3\/wp-json\/wp\/v2\/media?parent=551"}],"wp:term":[{"taxonomy":"category","embeddable":true,"href":"http:\/\/www.elenacabrera.com\/weblog3\/wp-json\/wp\/v2\/categories?post=551"},{"taxonomy":"post_tag","embeddable":true,"href":"http:\/\/www.elenacabrera.com\/weblog3\/wp-json\/wp\/v2\/tags?post=551"}],"curies":[{"name":"wp","href":"https:\/\/api.w.org\/{rel}","templated":true}]}}