{"id":560,"date":"2005-06-07T21:30:07","date_gmt":"2005-06-07T19:30:07","guid":{"rendered":""},"modified":"-0001-11-30T00:00:00","modified_gmt":"-0001-11-29T22:00:00","slug":"post_name","status":"publish","type":"post","link":"http:\/\/www.elenacabrera.com\/weblog3\/2005\/06\/07\/post_name\/","title":{"rendered":"Que ya llega"},"content":{"rendered":"<p>\tA d\u00eda y mediio de viajar a Barcelona para el <a href=\"http:\/\/www.ficomic.com\/saloncomic2005\/general.html\">Sal\u00f3 del C\u00f2mic<\/a> ha cundido el p\u00e1nico en m\u00ed. (Digo <i>p\u00e1nico<\/i> y me acuerdo de <a href=\"http:\/\/fiberfib.com\/www\/grupo.php?sec=3\"bot=17\"sub=1\"grupo=809\"lan=es\">este grupo<\/a> chileno que canta en spanglish y va a tocar en el FIB y S\u00e1nchez Drag\u00f3 estamp\u00e1ndole a Fernando Arrabal un merengue en la cara, simult\u00e1neamente). Un agobio de los del 20 con el trabajo, claramente somatizado en cabalgatas de eructos provocadas por retortijones g\u00e1stricos que me marean hasta dejarme in\u00fatil, falta de tiempo y nervios multiplicados por mil. \u00bf\u00bfCu\u00e1ndo podr\u00e9 llevar una vida normal?? En unos d\u00edas escribir\u00e9 un post sobre el trabajo que estoy haciendo para el <a href=\"http:\/\/www.fiberfib.com\">FIB<\/a>. Por ahora me basto y me sobro con agobiarme yo sola en casa, gracias. Un post que <a href=\"http:\/\/www.juanjoelrapido.com\">Juanjo<\/a> no podr\u00e1 leer. Hoy me ha dicho que por favor escriba algo que pueda leer y yo he pensado en hacerle un post bonito, uno de esos que hablan de lo que como al mediod\u00eda y de mis lances con las vecinas. Pero no me va a salir. En mi carpeta de borradores ya hay cinco empezados que no acabar\u00e9 nunca&#8230; He salido una hora a la calle (no m\u00e1s, que se gasta) para asistir a un peque\u00f1o homenaje que le hac\u00edan al director Antonio Isasi-Isasmendi. Jos\u00e9 Luis era amigo de su hija Mar\u00eda s\u00ed que le dije hace unos d\u00edas que se viniera pero no calcul\u00e9 que yo estar\u00eda tan agobiada como para pasar los tres cuartos de hora concentr\u00e1ndome poco y agarr\u00e1ndome las tripas. Hablaron (mucho) Cayetana Guill\u00e9n-Cuervo y Jos\u00e9 Luis Borau y, es curioso, quedaron eclipsados cuando Isasi habl\u00f3 (poco) gracias a las dos o tres preguntas del p\u00fablico, que tiraron de la madeja de recuerdos enredados. Nos cay\u00f3 bien. Me gust\u00f3 algo que hab\u00eda en su tono de voz. Me doli\u00f3 que le doliera atrancarse en algunas palabras. Me han dado muchas ganas de leer su <a href=\"http:\/\/www.ochoymedio.com\/php\/libro.php?isbn=84-95839-60-1\">libro de memorias<\/a>. (Juanjo, deja de leer). Ayer tuve un momento de relajo en un delirante iChat de mac kids que segu\u00edan <a href=\"http:\/\/www.faq-mac.com\/keynote_2005-2.html\">la keynote<\/a> de Apple. Comentando cada gesto de Steve Jobs al confirmar una noticia pasmosa que ya circulaba como rumor: Intel le fabricar\u00e1 los procesadores a Apple (abandonando Apple los powerpc de IBM; \u00bflo que le faltaba a IBM para terminar de quebrar, no?). \u00bfLe pondr\u00e1n una pegatina Intel Inside al iMac G6 que nos compraremos dentro de un par de a\u00f1os? <center><img decoding=\"async\" src=\"http:\/\/forum.macosx.nl\/album_pic.php?pic_id=7142\"\/><\/center> Otro de los anuncios fue que el siguiente sistema operativo que sustituir\u00e1 al Tiger se llamar\u00e1 Leopard. (\u00bfHacemos apuestas de cu\u00e1l ser\u00e1 el siguiente animal? \u00bfPuma?) <center><a href=\"http:\/\/www.flickr.com\/photos\/jmissig\/17587904\/\"><img decoding=\"async\" src=\"http:\/\/photos11.flickr.com\/17587904_417badd22e.jpg\"\/><\/a><\/center> <\/p>\n<p class=\"credits\">Technorati Tags: <a href=\"http:\/\/technorati.com\/tag\/Apple\" rel=\"tag\">Apple<\/a> | <a href=\"http:\/\/technorati.com\/tag\/keynote\" rel=\"tag\">keynote<\/a> | <a href=\"http:\/\/technorati.com\/tag\/sal\u00f3 del c\u00f2mic\" rel=\"tag\">sal\u00f3 del c\u00f2mic<\/a> | <a href=\"http:\/\/technorati.com\/tag\/Antonio Isasi-Isasmendi\" rel=\"tag\">Antonio Isasi-Isasmendi<\/a> <\/p>\n","protected":false},"excerpt":{"rendered":"<p>A d\u00eda y mediio de viajar a Barcelona para el Sal\u00f3 del C\u00f2mic ha cundido el p\u00e1nico en m\u00ed. (Digo p\u00e1nico y me acuerdo de este grupo chileno que canta en spanglish y va a tocar en el FIB y S\u00e1nchez Drag\u00f3 estamp\u00e1ndole a Fernando Arrabal un merengue en la cara, simult\u00e1neamente). Un agobio de [&hellip;]<\/p>\n","protected":false},"author":1,"featured_media":0,"comment_status":"open","ping_status":"open","sticky":false,"template":"","format":"standard","meta":{"footnotes":""},"categories":[],"tags":[],"class_list":["post-560","post","type-post","status-publish","format-standard","hentry"],"_links":{"self":[{"href":"http:\/\/www.elenacabrera.com\/weblog3\/wp-json\/wp\/v2\/posts\/560","targetHints":{"allow":["GET"]}}],"collection":[{"href":"http:\/\/www.elenacabrera.com\/weblog3\/wp-json\/wp\/v2\/posts"}],"about":[{"href":"http:\/\/www.elenacabrera.com\/weblog3\/wp-json\/wp\/v2\/types\/post"}],"author":[{"embeddable":true,"href":"http:\/\/www.elenacabrera.com\/weblog3\/wp-json\/wp\/v2\/users\/1"}],"replies":[{"embeddable":true,"href":"http:\/\/www.elenacabrera.com\/weblog3\/wp-json\/wp\/v2\/comments?post=560"}],"version-history":[{"count":0,"href":"http:\/\/www.elenacabrera.com\/weblog3\/wp-json\/wp\/v2\/posts\/560\/revisions"}],"wp:attachment":[{"href":"http:\/\/www.elenacabrera.com\/weblog3\/wp-json\/wp\/v2\/media?parent=560"}],"wp:term":[{"taxonomy":"category","embeddable":true,"href":"http:\/\/www.elenacabrera.com\/weblog3\/wp-json\/wp\/v2\/categories?post=560"},{"taxonomy":"post_tag","embeddable":true,"href":"http:\/\/www.elenacabrera.com\/weblog3\/wp-json\/wp\/v2\/tags?post=560"}],"curies":[{"name":"wp","href":"https:\/\/api.w.org\/{rel}","templated":true}]}}