{"id":563,"date":"2005-06-09T01:04:24","date_gmt":"2005-06-08T23:04:24","guid":{"rendered":""},"modified":"-0001-11-30T00:00:00","modified_gmt":"-0001-11-29T22:00:00","slug":"post_name","status":"publish","type":"post","link":"http:\/\/www.elenacabrera.com\/weblog3\/2005\/06\/09\/post_name\/","title":{"rendered":"David Spero"},"content":{"rendered":"<p>\tMe cuenta Jorge de <a href=\"http:\/\/www.becalmedrecords.com\/\">Becalmed<\/a>, otro gran fan de <a href=\"http:\/\/listen.to\/discoinferno\/\">Disco Inferno<\/a> que dentro de las exposiciones de <a href=\"http:\/\/www.phedigital.com\/\">PhotoEspa\u00f1a<\/a> hay una del londinense David Spero en el <a href=\"http:\/\/www.circulobellasartes.com\/\">C\u00edrculo de Bellas Artes<\/a>, titulada <i>Viaje alrededor de mi casa<\/i>. <center><img decoding=\"async\" src=\"http:\/\/www.elenacabrera.com\/weblog\/wp-content\/DavidSpero_viajeal.jpg\" alt=\"David Spero: Viaje alrededor de mi casa\"\/><\/center> Spero es el fot\u00f3grafo y dise\u00f1ador de las portadas de Disco Inferno. <center><img src=-http:\/\/www.elenacabrera.com\/weblog\/wp-content\/DavidSpero_DI.jpg- alt=-DI go pop- \/><\/center> <\/p>\n<p class=\"credits\">Technorati Tags: <a href=\"http:\/\/technorati.com\/tag\/David Spero\" rel=\"tag\">David Spero<\/a> | <a href=\"http:\/\/technorati.com\/tag\/Disco Inferno\" rel=\"tag\">Disco Inferno<\/a> | <a href=\"http:\/\/technorati.com\/tag\/Photoespa\u00f1a\" rel=\"tag\">Photoespa\u00f1a<\/a> <\/p>\n","protected":false},"excerpt":{"rendered":"<p>Me cuenta Jorge de Becalmed, otro gran fan de Disco Inferno que dentro de las exposiciones de PhotoEspa\u00f1a hay una del londinense David Spero en el C\u00edrculo de Bellas Artes, titulada Viaje alrededor de mi casa. Spero es el fot\u00f3grafo y dise\u00f1ador de las portadas de Disco Inferno. Technorati Tags: David Spero | Disco Inferno [&hellip;]<\/p>\n","protected":false},"author":1,"featured_media":0,"comment_status":"open","ping_status":"open","sticky":false,"template":"","format":"standard","meta":{"footnotes":""},"categories":[],"tags":[],"class_list":["post-563","post","type-post","status-publish","format-standard","hentry"],"_links":{"self":[{"href":"http:\/\/www.elenacabrera.com\/weblog3\/wp-json\/wp\/v2\/posts\/563","targetHints":{"allow":["GET"]}}],"collection":[{"href":"http:\/\/www.elenacabrera.com\/weblog3\/wp-json\/wp\/v2\/posts"}],"about":[{"href":"http:\/\/www.elenacabrera.com\/weblog3\/wp-json\/wp\/v2\/types\/post"}],"author":[{"embeddable":true,"href":"http:\/\/www.elenacabrera.com\/weblog3\/wp-json\/wp\/v2\/users\/1"}],"replies":[{"embeddable":true,"href":"http:\/\/www.elenacabrera.com\/weblog3\/wp-json\/wp\/v2\/comments?post=563"}],"version-history":[{"count":0,"href":"http:\/\/www.elenacabrera.com\/weblog3\/wp-json\/wp\/v2\/posts\/563\/revisions"}],"wp:attachment":[{"href":"http:\/\/www.elenacabrera.com\/weblog3\/wp-json\/wp\/v2\/media?parent=563"}],"wp:term":[{"taxonomy":"category","embeddable":true,"href":"http:\/\/www.elenacabrera.com\/weblog3\/wp-json\/wp\/v2\/categories?post=563"},{"taxonomy":"post_tag","embeddable":true,"href":"http:\/\/www.elenacabrera.com\/weblog3\/wp-json\/wp\/v2\/tags?post=563"}],"curies":[{"name":"wp","href":"https:\/\/api.w.org\/{rel}","templated":true}]}}