{"id":568,"date":"2005-06-15T18:41:29","date_gmt":"2005-06-15T16:41:29","guid":{"rendered":""},"modified":"-0001-11-30T00:00:00","modified_gmt":"-0001-11-29T22:00:00","slug":"post_name","status":"publish","type":"post","link":"http:\/\/www.elenacabrera.com\/weblog3\/2005\/06\/15\/post_name\/","title":{"rendered":"Sal\u00f3n II"},"content":{"rendered":"<p>\tUn anexo referente a algo que me hab\u00eda olvidado de contar. Me acord\u00e9 esta ma\u00f1ana, tras unas escasas cuatro horas y media de sue\u00f1o. Se trata de la segunda mesa redonda a la que asist\u00ed en el Sal\u00f3. Y ahora me doy cuenta porqu\u00e9 la olvid\u00e9 mientras vomitaba ayer ese post tan largo que no creo que muchos llegaran a terminar: no hay fotos (y si alguien tiene que mande o cuelgue en Flickr). Se titulaba <i>Cr\u00edticos que hacen c\u00f3mics y autores de c\u00f3mic que critican: el l\u00edmite de la presunci\u00f3n de inocencia<\/i>. Para m\u00ed fue la m\u00e1s entretenida. Contaba con la presencia de \u00c1ngel de la Calle y Lorenzo D\u00edaz a la derecha, Pere Joan en el centro, junto a Migoya, y Pepo P\u00e9rez y Quim Perez (que no son hermanos) a la izquierda. De hecho, Pepo en la extrema izquierda. Doce y media de la ma\u00f1ana y poca gente. <center><img src=-http:\/\/www.elenacabrera.com\/weblog\/wp-content\/angeldelacalle.jpg- alt=-- \/><img src=-http:\/\/www.elenacabrera.com\/weblog\/wp-content\/lorenzodiaz.jpg- alt=-- \/><\/center> \u00c1ngel de la Calle y Lorenzo D\u00edaz defend\u00edan una posici\u00f3n que para m\u00ed no tiene defensa ni excusa ni inter\u00e9s: la del cr\u00edtico como publicista, como recomendador. La cr\u00edtica es un g\u00e9nero peri\u00f3distico y eso es algo que no se ten\u00eda nada claro pues usaban \u00abperiod\u00edstico\u00bb como un adjetivo que les daba cierto repel\u00fas. \u00c1ngel de la Calle se sent\u00eda orgulloso de sus papel evangelizador, <i>l\u00e9ete esto que te va a gustar<\/i> y Lorenzo D\u00edaz se quejaba de que, al tenerse que pagar \u00e9l los tebeos para ser rese\u00f1ador, hab\u00eda terminado por criticar casi \u00fanicamente los que \u00e9l mismo traduc\u00eda. Lo que llev\u00f3 la mesa redonda a un punto delirante donde lo \u00fanico que pod\u00edas hacer era recostarte en el asiento y soltar unas risitas. Quim P\u00e9rez, que estuvo h\u00e1bil en algunas ocasiones, replic\u00f3 ese punto indignado. <i>Supongo que la traducci\u00f3n saldr\u00e1 bien parada en la cr\u00edtica<\/i> o algo as\u00ed dijo (si me lee que me corrija). <center><img src=-http:\/\/www.elenacabrera.com\/weblog\/wp-content\/perejoan.jpg- alt=-- \/><img src=-http:\/\/www.elenacabrera.com\/weblog\/wp-content\/hernanmigoya.jpg- alt=-- \/><\/center> A Hern\u00e1n le cae bien Pepo (y ya sabemos que a Hern\u00e1n le caen bien cuatro) porque es un poco como \u00e9l: no se calla (me refiero a decir lo que haya que decir, no a rajar durante horas). El moderador plant\u00f3 sobre la mesa el tema de si se puede hacer arte con la cr\u00edtica, si \u00e9sta tiene su valor m\u00e1s all\u00e1 del hecho informativo. Y ah\u00ed se desataron algunas falsas modestias, aplacadas por un Pepo que suelta <i>s\u00ed, que escribes bien, Lorenzo, s\u00ed<\/i>. De la Calle y D\u00edaz se toman la cr\u00edtica como algo de andar por casa, como si no se pudieran sacar de encima el <i>si al fin y al cabo, no son m\u00e1s que tebeos<\/i> y por tanto la cr\u00edtica de tebeos queda relegada ni ya al academicismo ni al periodismo sino al fanzinismo. Pepo les quiso explicar que la cr\u00edtica de c\u00f3mic es cr\u00edtica, y se rige por las mismas reglas que el resto de cr\u00edtica, ya sea literaria, cinematogr\u00e1fica, art\u00edstica&#8230; pero el otro sector reaccion\u00f3 mal y s\u00f3lo recuerdo a un Lorenzo D\u00edaz diciendo <i>ah, no s\u00e9, t\u00fa eres el culto, yo no entiendo de eso<\/i>. <center><img src=-http:\/\/www.elenacabrera.com\/weblog\/wp-content\/quimperez.jpg- alt=-- \/><img src=-http:\/\/www.elenacabrera.com\/weblog\/wp-content\/pepoperez.jpg- alt=-- \/><\/center> Si record\u00e1is m\u00e1s cosas de la mesa, refrescadme la memoria. Yo creo que el \u00fanico ponente que se acercaba m\u00e1s al cr\u00edtico-autor era Pepo (y a\u00fan as\u00ed, no al 100%, ya que su trabajo <i>real<\/i> es otro) y los dem\u00e1s hac\u00edan una cosa y otra espor\u00e1dicamente. Como es el caso de los guiones para Quim P\u00e9rez o Lorenzo, las rese\u00f1as para Pera Joan o el trabajo de autor de \u00c1ngel de la Calle, que s\u00ed es m\u00e1s importante pero bueno&#8230; a fin de cuentas \u00e9l es un publicista, seg\u00fan su propia definici\u00f3n. Las im\u00e1genes, estupendas, son de <a href=\"http:\/\/www.manuelbartual.com\">Manuel Bartual<\/a>. Gracias, Manuel, estupendo.\t<\/p>\n","protected":false},"excerpt":{"rendered":"<p>Un anexo referente a algo que me hab\u00eda olvidado de contar. Me acord\u00e9 esta ma\u00f1ana, tras unas escasas cuatro horas y media de sue\u00f1o. Se trata de la segunda mesa redonda a la que asist\u00ed en el Sal\u00f3. Y ahora me doy cuenta porqu\u00e9 la olvid\u00e9 mientras vomitaba ayer ese post tan largo que no [&hellip;]<\/p>\n","protected":false},"author":1,"featured_media":0,"comment_status":"open","ping_status":"open","sticky":false,"template":"","format":"standard","meta":{"footnotes":""},"categories":[],"tags":[],"class_list":["post-568","post","type-post","status-publish","format-standard","hentry"],"_links":{"self":[{"href":"http:\/\/www.elenacabrera.com\/weblog3\/wp-json\/wp\/v2\/posts\/568","targetHints":{"allow":["GET"]}}],"collection":[{"href":"http:\/\/www.elenacabrera.com\/weblog3\/wp-json\/wp\/v2\/posts"}],"about":[{"href":"http:\/\/www.elenacabrera.com\/weblog3\/wp-json\/wp\/v2\/types\/post"}],"author":[{"embeddable":true,"href":"http:\/\/www.elenacabrera.com\/weblog3\/wp-json\/wp\/v2\/users\/1"}],"replies":[{"embeddable":true,"href":"http:\/\/www.elenacabrera.com\/weblog3\/wp-json\/wp\/v2\/comments?post=568"}],"version-history":[{"count":0,"href":"http:\/\/www.elenacabrera.com\/weblog3\/wp-json\/wp\/v2\/posts\/568\/revisions"}],"wp:attachment":[{"href":"http:\/\/www.elenacabrera.com\/weblog3\/wp-json\/wp\/v2\/media?parent=568"}],"wp:term":[{"taxonomy":"category","embeddable":true,"href":"http:\/\/www.elenacabrera.com\/weblog3\/wp-json\/wp\/v2\/categories?post=568"},{"taxonomy":"post_tag","embeddable":true,"href":"http:\/\/www.elenacabrera.com\/weblog3\/wp-json\/wp\/v2\/tags?post=568"}],"curies":[{"name":"wp","href":"https:\/\/api.w.org\/{rel}","templated":true}]}}