{"id":575,"date":"2005-06-19T22:31:09","date_gmt":"2005-06-19T20:31:09","guid":{"rendered":""},"modified":"-0001-11-30T00:00:00","modified_gmt":"-0001-11-29T22:00:00","slug":"post_name","status":"publish","type":"post","link":"http:\/\/www.elenacabrera.com\/weblog3\/2005\/06\/19\/post_name\/","title":{"rendered":"Valent\u00edn"},"content":{"rendered":"<p>\tA Valent\u00edn le debo un email que no le voy a escribir. Hace un rato me dispon\u00eda a hacerlo y he decidido cambiar de ventana, de programa. Valent\u00edn Va\u00f1\u00f3 ten\u00eda un weblog llamado <i>Diario de un agor\u00e1fobo<\/i> que yo <a href=\"http:\/\/elenacabrera.com\/weblog\/index.php?s=agorafobo\">sol\u00eda citar por aqu\u00ed<\/a>. despu\u00e9s cambi\u00f3 la agorafobia por la m\u00e1quina de escribir, o al menos p\u00fablicamente, y cre\u00f3 <a href=\"http:\/\/www.elmecanografo.net\/\">El mecan\u00f3grafo<\/a>, un proyecto ambicioso que arrastr\u00f3 durante poco tiempo; un weblog malogrado que Valent\u00edn ha hecho desaparecer, evitando el abandono en ese cementerio de elefantes al que van a morir los blogs que no se actualizan. Reclut\u00e9 al autor para <a href=\"http:\/\/www.astiberri.com\/trama\">Trama<\/a>, como fot\u00f3grafo y como redactor, despu\u00e9s de leerme casi todos sus textos en el fanzine <i>Noveno Arte<\/i> pero le disfrut\u00e9 poco, que la revista se me escap\u00f3 de los dedos cuando m\u00e1s confianza cog\u00edamos. Desde que supe de \u00e9l pens\u00e9 que ten\u00eda un buen nombre para triunfar. Esto no le pasa a todo el mundo. Ana G\u00f3mez, Elena Cabrera, Jos\u00e9 Mar\u00eda Gutierrez, son nombres que no van a ning\u00fan lado (aunque puedes tener la suerte de vestir dos nombres que no suelan combinarse y prescindir del apellido: Jorge Iv\u00e1n, por ejemplo) . <i>Valent\u00edn Va\u00f1\u00f3<\/i> es otra cosa. Siempre he pensado que es elegante tener un apellido que recuerda tu origen. Sobre todo si quieres salir de tu ciudad. Triunfar en otra. Y en este caso es a\u00fan m\u00e1s importante que el apellido ni finalice en ene mientras el nombre s\u00ed, empezando ambos por V. Es un enga\u00f1o. El final parec\u00eda previsble y luego no, ah\u00ed nos deja. Al borde de esa \u00f3. Expectante. Pasamos por una correspondencia poco constante, prol\u00edfica o alejada dependiendo de nada, y llegamos a estos maravillosos tiempos de vida retransmitida que nos ha dado <a href=\"http:\/\/www.flickr.com\">Flickr!<\/a>. \u00daltimamente los fot\u00f3grafos se quejan de que las c\u00e1maras digitales han democratizado la fotograf\u00eda. Ahora <i>cualquiera es fot\u00f3grafo<\/i>, dicen, y se sienten amenazados. Muchos de esos profesionales que se cuelgan del cuello un mill\u00f3n de pesetas en equipo desconocen que existe Flickr!, the Big Bad, pero pueden darse cuenta de un momento a otro y entonces me pregunto qu\u00e9 har\u00e1n. (\u00bfEnfurecer su lucha a favor del copyright? \u00bfSubir sus tarifas? \u00bfRevelar a gran formato para demostrar las carencias de la fotograf\u00eda digital?). De Flickr! aprendemos qui\u00e9n sabe mirar y qui\u00e9n saca recuerdos. De Flickr! s\u00f3lo tiene que tener miedo quien no quiera mostrarse, quien le asuste ser juzgado, quien quiera mantener su feudo de espaldas a la gente, para que no se lo comenten. <a href=\"http:\/\/www.flickr.com\/photos\/valentinv\/\">Con Flickr! lleg\u00f3 el Valent\u00edn m\u00e1s fot\u00f3grafo que nunca<\/a>, m\u00e1s incluso que en Ibiza, m\u00e1s que en las bodas, banquetes, bautizos y comuniones de las que quiere sacar sustento. Me encontr\u00e9 con V.V. por primera vez en persona hace unos d\u00edas, en el Sal\u00f3 del C\u00f2mic. No compartimos grandes haza\u00f1as (peque\u00f1as s\u00ed) ni mantuvimos conversaciones espectaculares pero descubr\u00ed algo que nadie me hab\u00eda dicho antes: este chico tiene una mirada abrasiva y no me extra\u00f1a que interponga un objetivo entre \u00e9l y nosotros. <center><a href=\"http:\/\/www.flickr.com\/photos\/valentinv\/20132131\/\"><img decoding=\"async\" src=\"http:\/\/photos15.flickr.com\/20132131_55df8b4959.jpg\"\/><\/a><\/center> <\/p>\n<p class=\"credits\">Technorati Tags: <a href=\"http:\/\/technorati.com\/tag\/Flickr!\" rel=\"tag\">Flickr!<\/a> | <a href=\"http:\/\/technorati.com\/tag\/Valent\u00edn Va\u00f1\u00f3\" rel=\"tag\">Valent\u00edn Va\u00f1\u00f3<\/a><\/p>\n","protected":false},"excerpt":{"rendered":"<p>A Valent\u00edn le debo un email que no le voy a escribir. Hace un rato me dispon\u00eda a hacerlo y he decidido cambiar de ventana, de programa. Valent\u00edn Va\u00f1\u00f3 ten\u00eda un weblog llamado Diario de un agor\u00e1fobo que yo sol\u00eda citar por aqu\u00ed. despu\u00e9s cambi\u00f3 la agorafobia por la m\u00e1quina de escribir, o al menos [&hellip;]<\/p>\n","protected":false},"author":1,"featured_media":0,"comment_status":"open","ping_status":"open","sticky":false,"template":"","format":"standard","meta":{"footnotes":""},"categories":[],"tags":[],"class_list":["post-575","post","type-post","status-publish","format-standard","hentry"],"_links":{"self":[{"href":"http:\/\/www.elenacabrera.com\/weblog3\/wp-json\/wp\/v2\/posts\/575","targetHints":{"allow":["GET"]}}],"collection":[{"href":"http:\/\/www.elenacabrera.com\/weblog3\/wp-json\/wp\/v2\/posts"}],"about":[{"href":"http:\/\/www.elenacabrera.com\/weblog3\/wp-json\/wp\/v2\/types\/post"}],"author":[{"embeddable":true,"href":"http:\/\/www.elenacabrera.com\/weblog3\/wp-json\/wp\/v2\/users\/1"}],"replies":[{"embeddable":true,"href":"http:\/\/www.elenacabrera.com\/weblog3\/wp-json\/wp\/v2\/comments?post=575"}],"version-history":[{"count":0,"href":"http:\/\/www.elenacabrera.com\/weblog3\/wp-json\/wp\/v2\/posts\/575\/revisions"}],"wp:attachment":[{"href":"http:\/\/www.elenacabrera.com\/weblog3\/wp-json\/wp\/v2\/media?parent=575"}],"wp:term":[{"taxonomy":"category","embeddable":true,"href":"http:\/\/www.elenacabrera.com\/weblog3\/wp-json\/wp\/v2\/categories?post=575"},{"taxonomy":"post_tag","embeddable":true,"href":"http:\/\/www.elenacabrera.com\/weblog3\/wp-json\/wp\/v2\/tags?post=575"}],"curies":[{"name":"wp","href":"https:\/\/api.w.org\/{rel}","templated":true}]}}