{"id":576,"date":"2005-06-21T17:07:44","date_gmt":"2005-06-21T15:07:44","guid":{"rendered":""},"modified":"-0001-11-30T00:00:00","modified_gmt":"-0001-11-29T22:00:00","slug":"post_name","status":"publish","type":"post","link":"http:\/\/www.elenacabrera.com\/weblog3\/2005\/06\/21\/post_name\/","title":{"rendered":"Salen como cucarachas en verano"},"content":{"rendered":"<p>\t<a href=\"http:\/\/www.flickr.com\/photos\/chinojb\/sets\/470119\/show\/\">Las im\u00e1genes de \u00abla mani de los curillas y fachas\u00bb<\/a> (fotos de <a href=\"http:\/\/www.flickr.com\/photos\/chinojb\">chinojb<\/a> v\u00eda <a href=\"http:\/\/www.escolar.net\/MT\/archives\/2005\/06\/por_la_libertad.html\">Escolar<\/a>) me dieron risa primero y silencio inc\u00f3modo despu\u00e9s. Ese d\u00eda v\u00ed unos autocares que desembarcaban a gente con capas a lo superh\u00e9roe confeccionadas con banderas espa\u00f1olas de escudo incorporado. Las pancartas, las im\u00e1genes, parec\u00edan grotescas imitaciones de c\u00f3mo nos imaginar\u00edamos una derecha absurda, descontrolada, como de teleserie de Mercero. Y un momento, te paras y lo ves desde fuera (como dec\u00eda Jodorowsky ayer en el programa de <i>El Chirucas<\/i>, como es conocido Drag\u00f3 en m\u00e1s hogares que el m\u00edo, supongo) y te das cuenta de que <i>eso<\/i> es real. As\u00ed son. Existen. La derecha, los conservadores irracionales, los fervientes&#8230; son reales y llegan a Madrid como cucarachas en verano. \u00bfD\u00f3nde estaban todos estos a\u00f1os? \u00bfQui\u00e9n los estaba criando? Y Telemadrid, ese fuerte del PP cuyos telediarios cada vez apestan m\u00e1s. Imaginaos <a href=\"http:\/\/personales.ya.com\/josumezo\/2005\/06\/telemadrid-jalea-la-manifestacin.html\">como cubr\u00edan la manifestaci\u00f3n<\/a>. <center><img decoding=\"async\" src=\"http:\/\/photos14.flickr.com\/19921458_374df7d99a.jpg\"\/> Foto de <a href=\"http:\/\/www.flickr.com\/photos\/wicho\/\">Wicho<\/a> en Flickr!<\/center> A esta situaci\u00f3n se suman los nervios de la espera del voto emigrante. <a href=\"http:\/\/www.haiquebotalos.com\/haiquebotalos\/\">Hay que botalos<\/a>, por favor. <a href=\"http:\/\/www.fragaga.org\/\">Fraga<\/a>, vete. <center><a href=\"http:\/\/www.fragaga.org\/\"><img decoding=\"async\" src=\"http:\/\/www.fragaga.org\/files\/banner_link.gif\"\/><\/a><\/center>\t<\/p>\n","protected":false},"excerpt":{"rendered":"<p>Las im\u00e1genes de \u00abla mani de los curillas y fachas\u00bb (fotos de chinojb v\u00eda Escolar) me dieron risa primero y silencio inc\u00f3modo despu\u00e9s. Ese d\u00eda v\u00ed unos autocares que desembarcaban a gente con capas a lo superh\u00e9roe confeccionadas con banderas espa\u00f1olas de escudo incorporado. Las pancartas, las im\u00e1genes, parec\u00edan grotescas imitaciones de c\u00f3mo nos imaginar\u00edamos [&hellip;]<\/p>\n","protected":false},"author":1,"featured_media":0,"comment_status":"open","ping_status":"open","sticky":false,"template":"","format":"standard","meta":{"footnotes":""},"categories":[],"tags":[],"class_list":["post-576","post","type-post","status-publish","format-standard","hentry"],"_links":{"self":[{"href":"http:\/\/www.elenacabrera.com\/weblog3\/wp-json\/wp\/v2\/posts\/576","targetHints":{"allow":["GET"]}}],"collection":[{"href":"http:\/\/www.elenacabrera.com\/weblog3\/wp-json\/wp\/v2\/posts"}],"about":[{"href":"http:\/\/www.elenacabrera.com\/weblog3\/wp-json\/wp\/v2\/types\/post"}],"author":[{"embeddable":true,"href":"http:\/\/www.elenacabrera.com\/weblog3\/wp-json\/wp\/v2\/users\/1"}],"replies":[{"embeddable":true,"href":"http:\/\/www.elenacabrera.com\/weblog3\/wp-json\/wp\/v2\/comments?post=576"}],"version-history":[{"count":0,"href":"http:\/\/www.elenacabrera.com\/weblog3\/wp-json\/wp\/v2\/posts\/576\/revisions"}],"wp:attachment":[{"href":"http:\/\/www.elenacabrera.com\/weblog3\/wp-json\/wp\/v2\/media?parent=576"}],"wp:term":[{"taxonomy":"category","embeddable":true,"href":"http:\/\/www.elenacabrera.com\/weblog3\/wp-json\/wp\/v2\/categories?post=576"},{"taxonomy":"post_tag","embeddable":true,"href":"http:\/\/www.elenacabrera.com\/weblog3\/wp-json\/wp\/v2\/tags?post=576"}],"curies":[{"name":"wp","href":"https:\/\/api.w.org\/{rel}","templated":true}]}}