{"id":577,"date":"2005-06-22T10:30:56","date_gmt":"2005-06-22T08:30:56","guid":{"rendered":""},"modified":"-0001-11-30T00:00:00","modified_gmt":"-0001-11-29T22:00:00","slug":"post_name","status":"publish","type":"post","link":"http:\/\/www.elenacabrera.com\/weblog3\/2005\/06\/22\/post_name\/","title":{"rendered":"Madrid Rock"},"content":{"rendered":"<p>\tHoy es el \u00faltimo d\u00eda que estar\u00e1 abierto Madrid Rock. (<a href=\"http:\/\/www.elmundo.es\/elmundo\/2005\/06\/22\/madrid\/1119424964.html\">Noticia en El Mundo<\/a>). Mientras los due\u00f1os siguen culpando <i>\u00aba la pirater\u00eda\u00bb<\/i>, la Comunidad de Madrid no les acept\u00f3 el ERE y est\u00e1 por ver c\u00f3mo se van a deshacer de los \u00faltimos once empleados y qui\u00e9n les comprar\u00e1 el inmueble, finalmente, si es que no est\u00e1 comprado ya (aunque los portavoces de Arnedo niegan este punto). <center><a href=\"http:\/\/www.flickr.com\/photos\/elenac\/20922203\/\" title=\"Photo Sharing\"><img loading=\"lazy\" decoding=\"async\" src=\"http:\/\/photos15.flickr.com\/20922203_14ec239d8a.jpg\" width=\"500\" height=\"375\" alt=\"Madrid Rock\" \/><\/a> <a href=\"http:\/\/www.flickr.com\/photos\/elenac\/20928055\/\" title=\"Photo Sharing\"><img loading=\"lazy\" decoding=\"async\" src=\"http:\/\/photos16.flickr.com\/20928055_d526a8afde.jpg\" width=\"500\" height=\"375\" alt=\"Lost Balance en Madrid Rock\" \/><\/a> <a href=\"http:\/\/www.flickr.com\/photos\/elenac\/20993137\/\" title=\"Photo Sharing\"><img loading=\"lazy\" decoding=\"async\" src=\"http:\/\/photos15.flickr.com\/20993137_e509f1b4e6.jpg\" width=\"500\" height=\"375\" alt=\"Liquidaci\u00f3n total\" \/><\/a> <a href=\"http:\/\/www.flickr.com\/photos\/elenac\/20993115\/\" title=\"Photo Sharing\"><img loading=\"lazy\" decoding=\"async\" src=\"http:\/\/photos16.flickr.com\/20993115_9eb30a0e0b_o.jpg\" width=\"500\" height=\"375\" alt=\"22 de junio\" \/><\/a> <a href=\"http:\/\/www.flickr.com\/photos\/elenac\/20993648\/\" title=\"Photo Sharing\"><img loading=\"lazy\" decoding=\"async\" src=\"http:\/\/photos17.flickr.com\/20993648_a6efefe6b7.jpg\" width=\"500\" height=\"375\" alt=\"Mis compras\" \/><\/a><\/center> <a href=\"http:\/\/www.laltra.com\/\">L-Altra<\/a>: <i>Bring On Happines<\/i>, <a href=\"http:\/\/iven-schmidt.de\/site\/\">Iven Schmidt<\/a>: <i>[track:array]<\/i>, Aaron Bergman: <i>The Tale Of The Unhappy American<\/i><i>, <a href=\"http:\/\/www.posteverything.com\/artists\/release.php?id=7464\">Saule<\/a>: <\/i><i>1hola 2ol\u00e9 3lido<\/i>, <a href=\"http:\/\/www.lusineweb.com\/\">Lusine<\/a>: <i>Serial Hodgepodge<\/i> y <a href=\"http:\/\/www.forcedexposure.com\/artists\/quarks.html\">Quarks<\/a>: <i>I Walk<\/i>. <\/p>\n<p class=\"credits\">Technorati Tags: <a href=\"http:\/\/technorati.com\/tag\/Madrid Rock\" rel=\"tag\">Madrid Rock<\/a> | <a href=\"http:\/\/technorati.com\/tag\/Lost Balance\" rel=\"tag\">Lost Balance<\/a> <\/p>\n","protected":false},"excerpt":{"rendered":"<p>Hoy es el \u00faltimo d\u00eda que estar\u00e1 abierto Madrid Rock. (Noticia en El Mundo). Mientras los due\u00f1os siguen culpando \u00aba la pirater\u00eda\u00bb, la Comunidad de Madrid no les acept\u00f3 el ERE y est\u00e1 por ver c\u00f3mo se van a deshacer de los \u00faltimos once empleados y qui\u00e9n les comprar\u00e1 el inmueble, finalmente, si es que [&hellip;]<\/p>\n","protected":false},"author":1,"featured_media":0,"comment_status":"open","ping_status":"open","sticky":false,"template":"","format":"standard","meta":{"footnotes":""},"categories":[],"tags":[],"class_list":["post-577","post","type-post","status-publish","format-standard","hentry"],"_links":{"self":[{"href":"http:\/\/www.elenacabrera.com\/weblog3\/wp-json\/wp\/v2\/posts\/577","targetHints":{"allow":["GET"]}}],"collection":[{"href":"http:\/\/www.elenacabrera.com\/weblog3\/wp-json\/wp\/v2\/posts"}],"about":[{"href":"http:\/\/www.elenacabrera.com\/weblog3\/wp-json\/wp\/v2\/types\/post"}],"author":[{"embeddable":true,"href":"http:\/\/www.elenacabrera.com\/weblog3\/wp-json\/wp\/v2\/users\/1"}],"replies":[{"embeddable":true,"href":"http:\/\/www.elenacabrera.com\/weblog3\/wp-json\/wp\/v2\/comments?post=577"}],"version-history":[{"count":0,"href":"http:\/\/www.elenacabrera.com\/weblog3\/wp-json\/wp\/v2\/posts\/577\/revisions"}],"wp:attachment":[{"href":"http:\/\/www.elenacabrera.com\/weblog3\/wp-json\/wp\/v2\/media?parent=577"}],"wp:term":[{"taxonomy":"category","embeddable":true,"href":"http:\/\/www.elenacabrera.com\/weblog3\/wp-json\/wp\/v2\/categories?post=577"},{"taxonomy":"post_tag","embeddable":true,"href":"http:\/\/www.elenacabrera.com\/weblog3\/wp-json\/wp\/v2\/tags?post=577"}],"curies":[{"name":"wp","href":"https:\/\/api.w.org\/{rel}","templated":true}]}}