{"id":581,"date":"2005-06-29T17:45:02","date_gmt":"2005-06-29T15:45:02","guid":{"rendered":""},"modified":"-0001-11-30T00:00:00","modified_gmt":"-0001-11-29T22:00:00","slug":"post_name","status":"publish","type":"post","link":"http:\/\/www.elenacabrera.com\/weblog3\/2005\/06\/29\/post_name\/","title":{"rendered":"Esta noche: radio"},"content":{"rendered":"<p>\tEsta noche a las once en el programa <a href=\"http:\/\/orientesoriente.blogspot.com\/\">Oriente es Oriente<\/a> de <a href=\"http:\/\/www.radiocarcoma.com\">Radio Carcoma<\/a> tenemos tertulia ilustrada. El tema: manga fuera de Jap\u00f3n. En el 107.9 para el este (c\u00f3mo no) de Madrid o para mayor claridad la se\u00f1al streaming en <a href=\"http:\/\/www.radiocarcoma.com\">la web de Radio Carcoma<\/a>. En el programa adem\u00e1s de H\u00e9ctor Garrido, su sagaz presentador: Jos\u00e9 Luis Carrasco entrevistando a Carla Berrocal, Manuel Bartual y \u00e9sta vuestra bailarina que os hablar\u00e1 muerta de sue\u00f1o pero entusiasmada o, como dir\u00eda Marlene, jodida pero contenta. &#8212; Ah! Y aviso de que MA\u00d1ANA se ponen a la venta las <a href=\"http:\/\/web.ticktackticket.com\">entradas<\/a> para el concierto de <a href=\"http:\/\/www.depechemode.com\/\">Depeche Mode<\/a>. Y la web de Tick Tack Ticket, por supuesto, sigue sin funcionar en los navegadores de mac. As\u00ed que este es el n\u00famero de venta telef\u00f3nica, para quien le interese: 902 15 00 25. 6 de febrero en Madrid y 10 en Barcelona. \u00a1Cu\u00e1nto falta! \u00a1Y har\u00e1 fr\u00edo! Brrrr. En octubre saldr\u00e1 el disco, todav\u00eda sin t\u00edtulo, que est\u00e1 siendo mezclado en Londres con Steve Fitzmaurice. Por cierto, \u00bfalguien m\u00e1s escuch\u00f3 el otro d\u00eda c\u00f3mo Tom\u00e1s Fernando Flores confund\u00eda a Alan Moulder con Alan Wilder?\t<\/p>\n","protected":false},"excerpt":{"rendered":"<p>Esta noche a las once en el programa Oriente es Oriente de Radio Carcoma tenemos tertulia ilustrada. El tema: manga fuera de Jap\u00f3n. En el 107.9 para el este (c\u00f3mo no) de Madrid o para mayor claridad la se\u00f1al streaming en la web de Radio Carcoma. En el programa adem\u00e1s de H\u00e9ctor Garrido, su sagaz [&hellip;]<\/p>\n","protected":false},"author":1,"featured_media":0,"comment_status":"open","ping_status":"open","sticky":false,"template":"","format":"standard","meta":{"footnotes":""},"categories":[],"tags":[],"class_list":["post-581","post","type-post","status-publish","format-standard","hentry"],"_links":{"self":[{"href":"http:\/\/www.elenacabrera.com\/weblog3\/wp-json\/wp\/v2\/posts\/581","targetHints":{"allow":["GET"]}}],"collection":[{"href":"http:\/\/www.elenacabrera.com\/weblog3\/wp-json\/wp\/v2\/posts"}],"about":[{"href":"http:\/\/www.elenacabrera.com\/weblog3\/wp-json\/wp\/v2\/types\/post"}],"author":[{"embeddable":true,"href":"http:\/\/www.elenacabrera.com\/weblog3\/wp-json\/wp\/v2\/users\/1"}],"replies":[{"embeddable":true,"href":"http:\/\/www.elenacabrera.com\/weblog3\/wp-json\/wp\/v2\/comments?post=581"}],"version-history":[{"count":0,"href":"http:\/\/www.elenacabrera.com\/weblog3\/wp-json\/wp\/v2\/posts\/581\/revisions"}],"wp:attachment":[{"href":"http:\/\/www.elenacabrera.com\/weblog3\/wp-json\/wp\/v2\/media?parent=581"}],"wp:term":[{"taxonomy":"category","embeddable":true,"href":"http:\/\/www.elenacabrera.com\/weblog3\/wp-json\/wp\/v2\/categories?post=581"},{"taxonomy":"post_tag","embeddable":true,"href":"http:\/\/www.elenacabrera.com\/weblog3\/wp-json\/wp\/v2\/tags?post=581"}],"curies":[{"name":"wp","href":"https:\/\/api.w.org\/{rel}","templated":true}]}}