{"id":583,"date":"2005-07-02T15:25:37","date_gmt":"2005-07-02T13:25:37","guid":{"rendered":""},"modified":"-0001-11-30T00:00:00","modified_gmt":"-0001-11-29T22:00:00","slug":"post_name","status":"publish","type":"post","link":"http:\/\/www.elenacabrera.com\/weblog3\/2005\/07\/02\/post_name\/","title":{"rendered":"Lavorad con lentejas"},"content":{"rendered":"<p>\tAyer Checht y yo fuimos a ver -dentro de la <a href=\"http:\/\/www.lavapiesdecine.net\/\">2\u00aa muestra de cine de Lavapi\u00e9s<\/a>&#8211; una pel\u00edcula basada en la primera radio libre italiana, <a href=\"http:\/\/www.radioalice.org\/\">Radio Alice<\/a>, un ejemplo para todo lo que vino despu\u00e9s y para generaciones diferentes de locos. <center><a href=\"http:\/\/www.flickr.com\/photos\/elenac\/23010823\/\" title=\"Photo Sharing\"><img loading=\"lazy\" decoding=\"async\" src=\"http:\/\/photos19.flickr.com\/23010823_b2e6f4aa7f.jpg\" width=\"500\" height=\"375\" alt=\"Devorad con lentejas (4)\" \/><\/a><\/center> Este fue mi libro de cabecera durante el a\u00f1o 1994: <center><a href=\"http:\/\/www.flickr.com\/photos\/elenac\/23014509\/\" title=\"Photo Sharing\"><img loading=\"lazy\" decoding=\"async\" src=\"http:\/\/photos16.flickr.com\/23014509_a944123845_o.jpg\" width=\"500\" height=\"375\" alt=\"Laborad con lentejas (5)\" \/><\/a><\/center> Lukas, del programa Solos al Este, encontr\u00f3 tres copias en la librer\u00eda de una casa ocupada, no recuerdo cual, y una fue para m\u00ed. Fui varias veces a aquella casa. Yo ten\u00eda 19 a\u00f1os y estaba fascinada. Ese a\u00f1o cambi\u00f3 mi vida. Posteriormente fui alguna vez a <a href=\"http:\/\/www.laboratorio3.net\">El Laboratorio<\/a>, incluido un d\u00eda de un desalojo. Lo v\u00ed todo a 20 metros de distancia. Como todo lo que hago. Qu\u00e9 tonta me sent\u00eda. <center><a href=\"http:\/\/www.flickr.com\/photos\/elenac\/23008995\/\" title=\"Photo Sharing\"><img loading=\"lazy\" decoding=\"async\" src=\"http:\/\/photos18.flickr.com\/23008995_d20a7d6d69_o.jpg\" width=\"500\" height=\"375\" alt=\"Laborad con lentejas (1)\" \/><\/a><\/center> Ahora no recuerdo c\u00f3mo se llamaba la casa ocupada que hab\u00eda en el Rastro, la de las chimeneas, en Puerta de Toledo. Pero s\u00ed puedo acordarme que se me escaparon l\u00e1grimas el d\u00eda que la derribaron. Viendo ayer El Solar, entend\u00ed a\u00fan mejor que hay ciertas cosas imparables (<i>un desalojo, otra okupaci\u00f3n; Recupera tu espacio<\/i>). Pero durante la proyecci\u00f3n, que empez\u00f3 con mucho retraso, me sent\u00eda fatal porque me dol\u00edan los ojos y a mitad de <a href=\"http:\/\/www.lavorareconlentezza.com\/\">Lavorare con lentezza<\/a> me tuve que sacar las lentillas, con la triste consecuencia de no poder leer apenas los subt\u00edtulos. Ten\u00eda que fruncir el ce\u00f1o, lo cual me produc\u00eda dolor la cabeza. Bostezaba mucho y adem\u00e1s ten\u00eda fr\u00edo. Pese a todo, resist\u00ed. Pese, sobre todo, a que la pel\u00edcula no era muy buena. Pero eso yo ya lo sab\u00eda. Y no me importaba. Yo estaba ah\u00ed para laborar con lentejas. <center><a href=\"http:\/\/homepage.mac.com\/WebObjects\/FileSharing.woa\/wa\/Lavorare_con_lentezza.mp3.mp3-zip.zip?a=downloadFile\"user=elenacabrera\"path=.Public\/Lavorare%20con%20lentezza.mp3\">Lavorare con lentezza senza fare alcuno sforzo chi \u00e8 veloce si fa male e finisce in ospedale in ospedale non c-\u00e8 posto e si pu\u00f2 morire presto Lavorare con lentezza senza fare alcuno sforzo la salute non ha prezzo, quindi rallentare il ritmo pausa pausa ritmo lento, pausa pausa ritmo lento sempre fuori dal motore, vivere a rallentatore Lavorare con lentezza senza fare alcuno sforzo ti saluto ti saluto, ti saluto a pugno chiuso nel mio pugno c-\u00e8 la lotta contro la nocivit\u00e0<\/a> <b>Gracias Chect por mandar la letra y la canci\u00f3n!<\/b><\/center> Voy a recuperar un borrador que ten\u00eda aqu\u00ed desde hace tiempo, ya que nunca encontraba tiempo para terminarlo y, como dir\u00eda Chect, est\u00e1 muy bien tra\u00eddo: Me he alegrado mucho. Llevaba un tiempo leyendo <a href=\"http:\/\/www.informediario.com\/2005\/01\/telestreet-la-tele-toma-las-calles.html\">aqu\u00ed y all\u00e1<\/a> menciones a <a href=\"http:\/\/www.telestreet.it\/\">Telestreet<\/a>, que de entrada es un nombre que me llamaba la atenci\u00f3n. Y la alegr\u00eda viene al descubrir que se trata del mismo colectivo (evolucionado) <a href=\"http:\/\/www.radioalice.org\/nuovatelestreet\/index.php?module=subjects\"func=viewpage\"pageid=47\">creador de Radio Alicia<\/a>. Quer\u00eda hacer una colaboraci\u00f3n sobre Telestreet en <a href=\"http:\/\/www.paramountcomedy.es\/nqp\/01.htm\">NQP<\/a> pero <a href=\"http:\/\/www.lacoctelera.com\/trashi\">Trashi<\/a> no lo ve\u00eda muy claro. Se tata de equipos de televisi\u00f3n peque\u00f1os, que salen a los barrios, casi con el emisor cargado al hombro y descentralizan la emisi\u00f3n, hablan de problemas muy locales. Se crean telestreets que pueden cubrir una ciudad como una red. En Iru\u00f1ea se hizo una telestreet, Gaztetxe Telestreet, montada por Eguzki Bideoak dentro de las actividades del d\u00e9cimo aniversario del Gaztetxe de Iru\u00f1ea. Consist\u00eda en emitir televisi\u00f3n durante un d\u00eda en el Casco Viejo de Iru\u00f1ea: <i>&#8230;Queremos ir m\u00e1s all\u00e1 de la emisi\u00f3n de programas y v\u00eddeos. Pretendemos formular nuevos modos de concebir la televisi\u00f3n y los soportes audiovisuales. Deseamos hacer realidad Gaztetxe Telestreet compartiendo conocimientos, compaginando distintas maneras de trabajar y entendi\u00e9ndonos desde distintas perspectivas&#8230; &#8230;Gaztetxe Telestreet no es una locura ni est\u00e1 fuera de la realidad. Es posible hacer televisi\u00f3n con menos recursos de los que te imaginas&#8230; &#8230;Efectivamente, los rumores que has o\u00eddo son ciertos. El pr\u00f3ximo viernes, 7 de mayo, a partir de las 14:00 y hasta las 14:00 del d\u00eda siguiente, s\u00e1bado 8 de mayo, tendr\u00e1s un nuevo canal en tu tele. Durante esta semana te contaremos exactamente qu\u00e9 tienes que hacer para sintonizarlo y d\u00f3nde lo podr\u00e1s encontrar&#8230; &#8230;Si no experimentamos, no podemos imaginar&#8230;\/<\/i> \u00bfUn lenguaje muy Alicia, verdad? Es una cosa diferente pero se est\u00e1 montando una emisora de televisi\u00f3n en Valencia, <a href=\"http:\/\/www.pluralia.tv\/\">Plur\u00e0liaTV<\/a>, que llevo siguiendo desde hace tiempo. Si viviese all\u00ed estoy segura de que habr\u00eda participado. Una emisora regida por una asamblea, como una cooperativa, y ciudadana, muy pensada desde el principio, muy discutida, mnuy de todos. Y va para adelante, han empezado las las emisiones por Internet el 21 de abril y se preparan para emitir en un futuro por las ondas. <center><a href=\"http:\/\/www.flickr.com\/photos\/elenac\/23010591\/\" title=\"Photo Sharing\"><img loading=\"lazy\" decoding=\"async\" src=\"http:\/\/photos17.flickr.com\/23010591_425d0c65bc.jpg\" width=\"500\" height=\"375\" alt=\"Laborad con lentejas (3)\" \/><\/a><\/center> <i>La comunicaci\u00f3n no es un instrumento de la acci\u00f3n pol\u00edtica, sino la acci\u00f3n pol\u00edtica misma. En primer lugar, el espacio social se construye cada vez m\u00e1s por medio de la proyecci\u00f3n medi\u00e1tica de escenarios. La producci\u00f3n de imaginario es, adem\u00e1s, un sector decisivo del proceso general de trabajo. Los productores de im\u00e1genes son una parte de los trabajadores cognitivos. Por tanto, la producci\u00f3n medi\u00e1tica independiente es, ante todo, un fen\u00f3meno de autoorganizaci\u00f3n del trabajo semi\u00f3tico. En las experiencias de software libre, de open source y de P2P (peer to peer) no debemos ver s\u00f3lo una innovaci\u00f3n t\u00e9cnica o relacional. En esas experiencias hay indicios de un posible proceso de autonom\u00eda del cerebro colectivo frente a la estandarizaci\u00f3n capitalista.<\/i> Declaraciones de Franco Berardi en una entrevista que le hace Amador Savater para El Viejo Topo (N\u00famero 203, febrero 2005, dentro de un dossier Bifo, el apodo de Berardi) reproducida <a href=\"http:\/\/www.nodo50.org\/tortuga\/article.php3?id_article=1442\">aqu\u00ed<\/a>. <i>Pueden producirse reacciones imprevisibles de la sociedad, como sucedi\u00f3 en Espa\u00f1a en marzo de 2004. La derrota de Aznar fue, sin duda, efecto de las campa\u00f1as de denuncia y de contrainformaci\u00f3n; pero fue sobre todo resultado de una movilizaci\u00f3n emotiva, de la percepci\u00f3n subliminal de una mentira y la creaci\u00f3n de un circuito de comunicaci\u00f3n espont\u00e1nea de base. Es decir, fue el inconsciente social el que desafi\u00f3 el dominio de la infosfera. <\/i> <\/p>\n<p class=\"credits\">Technorati Tags: <a href=\"http:\/\/technorati.com\/tag\/Radio Alice\" rel=\"tag\">Radio Alice<\/a> | <a href=\"http:\/\/technorati.com\/tag\/Telestreet\" rel=\"tag\">Telestreet<\/a> | <a href=\"http:\/\/technorati.com\/tag\/Plur\u00e0liaTV\" rel=\"tag\">Plur\u00e0liaTV<\/a> | <\/p>\n","protected":false},"excerpt":{"rendered":"<p>Ayer Checht y yo fuimos a ver -dentro de la 2\u00aa muestra de cine de Lavapi\u00e9s&#8211; una pel\u00edcula basada en la primera radio libre italiana, Radio Alice, un ejemplo para todo lo que vino despu\u00e9s y para generaciones diferentes de locos. Este fue mi libro de cabecera durante el a\u00f1o 1994: Lukas, del programa Solos [&hellip;]<\/p>\n","protected":false},"author":1,"featured_media":0,"comment_status":"open","ping_status":"open","sticky":false,"template":"","format":"standard","meta":{"footnotes":""},"categories":[],"tags":[],"class_list":["post-583","post","type-post","status-publish","format-standard","hentry"],"_links":{"self":[{"href":"http:\/\/www.elenacabrera.com\/weblog3\/wp-json\/wp\/v2\/posts\/583","targetHints":{"allow":["GET"]}}],"collection":[{"href":"http:\/\/www.elenacabrera.com\/weblog3\/wp-json\/wp\/v2\/posts"}],"about":[{"href":"http:\/\/www.elenacabrera.com\/weblog3\/wp-json\/wp\/v2\/types\/post"}],"author":[{"embeddable":true,"href":"http:\/\/www.elenacabrera.com\/weblog3\/wp-json\/wp\/v2\/users\/1"}],"replies":[{"embeddable":true,"href":"http:\/\/www.elenacabrera.com\/weblog3\/wp-json\/wp\/v2\/comments?post=583"}],"version-history":[{"count":0,"href":"http:\/\/www.elenacabrera.com\/weblog3\/wp-json\/wp\/v2\/posts\/583\/revisions"}],"wp:attachment":[{"href":"http:\/\/www.elenacabrera.com\/weblog3\/wp-json\/wp\/v2\/media?parent=583"}],"wp:term":[{"taxonomy":"category","embeddable":true,"href":"http:\/\/www.elenacabrera.com\/weblog3\/wp-json\/wp\/v2\/categories?post=583"},{"taxonomy":"post_tag","embeddable":true,"href":"http:\/\/www.elenacabrera.com\/weblog3\/wp-json\/wp\/v2\/tags?post=583"}],"curies":[{"name":"wp","href":"https:\/\/api.w.org\/{rel}","templated":true}]}}