{"id":6,"date":"2002-08-31T05:08:37","date_gmt":"2002-08-31T04:08:37","guid":{"rendered":""},"modified":"-0001-11-30T00:00:00","modified_gmt":"-0001-11-29T22:00:00","slug":"post_name","status":"publish","type":"post","link":"http:\/\/www.elenacabrera.com\/weblog3\/2002\/08\/31\/post_name\/","title":{"rendered":"Peneiras"},"content":{"rendered":"<p>\t\u00daltimo d\u00eda del mes de agosto. Cuando muchos est\u00e1n dando el verano por finalizado, los que tenemos agosto como punto \u00e1lgido de la actividad laboral vivimos estos d\u00edas con ese absurdo jet lag, con la sensaci\u00f3n equivoca de ir de ida cuando el resto vienen de vuelta. Intento que me de un poco lo mismo mientras miro el billete de tren, s\u00edmbolo de inicio de alguna otra cosa, a\u00fan tengo vacaciones hasta el 17 de septiembre. Hoy he invitado a Carmi\u00f1a y Alfredo a comer en La Penela, sitio que recomiendo much\u00edsimo sobre todo por su tortilla de Betanzos (el delicioso huevo sin cuajar,&#8230;), su carne asada (para los que la coman), su leche frita (para los que admitan la canela) y la atenci\u00f3n personalizada de la due\u00f1a (una hermana, la otra, id\u00e9ntica a esta, atiende igualmente en la otra Penela, la de Betanzos). Esta est\u00e1 en la misma plaza de Maria Pita. Secci\u00f3n moda: estoy feliz porque he encontrado unas hermosas sandalias de Sara Navarro cuyo precio original era 116 euros por tan s\u00f3lo 40. Las llevar\u00e9 en la boda de Croma, ya ver\u00e9is qu\u00e9 bonitas que son. Secci\u00f3n lecturas: el libro \u201cBasura reciclada\u201d est\u00e1 muy bien. \u00daltimamente cojo muchos autobuses y ya he consumido la mitad. Est\u00e1 editado por Ediciones Trashumantes (el mismo de Ganader\u00eda Trashumante, fanzine en cuyo \u00faltimo n\u00famero tengo un relato publicado, ya puestos\u2026) y re\u00fane cincuenta art\u00edculos aparecidos entre el 95 y el 00 por Casto Esc\u00f3pico y Frank Lasecca en la secci\u00f3n \u201cFam de fem\u201d (algo as\u00ed como \u201chambre de desperdicios\u201d) de la Cartelera Turia de Valencia. Hasta ahora me he le\u00eddo toda la secci\u00f3n porn\u00f3fila y los art\u00edculos sobre Susana Estrada, Esteso\u00bbPajares y Antonio Ozores. Por cierto, esto me recuerda que tambi\u00e9n echo de menos al Javi (ese V\u00e1dim, ese Brend, ese Queco) y no s\u00e9 si \u00e9l leer\u00e1 esto. Aprovecho la oportunidad para recomendar, si alguien no lo hace, visitar el Gris los viernes (si hay hueco para entrar) ya que es \u00e9l quien pincha; ser\u00e1 igual de feliz si le pides una canci\u00f3n de Clan of Ximox o una del d\u00fao Los Volcanes. Ayer, por la zona de Los Mayos, pas\u00e9 por delante de este sitio. Fue muy simb\u00f3lico. Y a Joan Vich le gustar\u00e1: <\/p>\n","protected":false},"excerpt":{"rendered":"<p>\u00daltimo d\u00eda del mes de agosto. Cuando muchos est\u00e1n dando el verano por finalizado, los que tenemos agosto como punto \u00e1lgido de la actividad laboral vivimos estos d\u00edas con ese absurdo jet lag, con la sensaci\u00f3n equivoca de ir de ida cuando el resto vienen de vuelta. Intento que me de un poco lo mismo [&hellip;]<\/p>\n","protected":false},"author":1,"featured_media":0,"comment_status":"open","ping_status":"open","sticky":false,"template":"","format":"standard","meta":{"footnotes":""},"categories":[],"tags":[],"class_list":["post-6","post","type-post","status-publish","format-standard","hentry"],"_links":{"self":[{"href":"http:\/\/www.elenacabrera.com\/weblog3\/wp-json\/wp\/v2\/posts\/6","targetHints":{"allow":["GET"]}}],"collection":[{"href":"http:\/\/www.elenacabrera.com\/weblog3\/wp-json\/wp\/v2\/posts"}],"about":[{"href":"http:\/\/www.elenacabrera.com\/weblog3\/wp-json\/wp\/v2\/types\/post"}],"author":[{"embeddable":true,"href":"http:\/\/www.elenacabrera.com\/weblog3\/wp-json\/wp\/v2\/users\/1"}],"replies":[{"embeddable":true,"href":"http:\/\/www.elenacabrera.com\/weblog3\/wp-json\/wp\/v2\/comments?post=6"}],"version-history":[{"count":0,"href":"http:\/\/www.elenacabrera.com\/weblog3\/wp-json\/wp\/v2\/posts\/6\/revisions"}],"wp:attachment":[{"href":"http:\/\/www.elenacabrera.com\/weblog3\/wp-json\/wp\/v2\/media?parent=6"}],"wp:term":[{"taxonomy":"category","embeddable":true,"href":"http:\/\/www.elenacabrera.com\/weblog3\/wp-json\/wp\/v2\/categories?post=6"},{"taxonomy":"post_tag","embeddable":true,"href":"http:\/\/www.elenacabrera.com\/weblog3\/wp-json\/wp\/v2\/tags?post=6"}],"curies":[{"name":"wp","href":"https:\/\/api.w.org\/{rel}","templated":true}]}}