{"id":603,"date":"2002-08-15T16:47:14","date_gmt":"2002-08-15T14:47:14","guid":{"rendered":""},"modified":"2017-08-22T14:07:24","modified_gmt":"2017-08-22T12:07:24","slug":"vinetas_desde_o_atlantico_2002","status":"publish","type":"post","link":"http:\/\/www.elenacabrera.com\/weblog3\/2002\/08\/15\/vinetas_desde_o_atlantico_2002\/","title":{"rendered":"VI\u00d1ETAS DESDE O ATL\u00c1NTICO 2002: Por el camino recto"},"content":{"rendered":"<p>\t<b>VI\u00d1ETAS DESDE O ATL\u00c1NTICO 2002 (Del 19 al 25 de agosto) POR EL CAMINO RECTO<\/b> <i>Publicado en Desorden.net<\/i> <b>El \u00faltimo sal\u00f3n del c\u00f3mic del verano o el primero del oto\u00f1o -pues qui\u00e9n sabe d\u00f3nde comienza la temporada- tiene lugar en A Coru\u00f1a, tan cerca del mar que los tenderos no paran de quejarse de esa h\u00fameda ondulaci\u00f3n en los tomos de papel que aparece apenas diez minutos despu\u00e9s de haberlos sacado de sus cajas.<\/b> Esta segunda (o tercera, en pugna con Granada) cita m\u00e1s importante del mundo del tebeo en este pa\u00eds tiene algo que la diferencia de cualquier otra: el car\u00e1cter popular, familiar m\u00e1s bien, resultado de no encerrar a los frikis dentro de una feria de muestras, sino hacerlos convivir con el p\u00fablico en general, ese que pasea con sus ni\u00f1os, parejas o compa\u00f1eros del trabajo por los Jardines de M\u00e9ndez N\u00fa\u00f1ez, en el mismo centro de la ciudad, en el Relleno. Tener un alcalde al que le gustan los tebeos es lo que tiene. La muestra, que a punto estuvo de no celebrarse (habiendo provocado incluso la dimisi\u00f3n de su director, Miguelanxo Prado), fue salvada gracias al empe\u00f1o casi caciquil de Francisco V\u00e1zquez. De hecho, este salvamento in extremis pari\u00f3 con forceps un sal\u00f3n a ratos improvisado y a ratos pillado con imperdibles. Sin programas de mano, hab\u00eda que guiarse por lo que publicaba La Voz de Galicia y por los horarios de las mesas redondas que estaban escritos en una pared del Quiosco Alfonso, sede de una de las exposiciones. Desgraciadamente, el derrumbe del viejo edificio de la Marina ocasion\u00f3 que las exposiciones tuvieran que desmembrarse y ocupar tres ubicaciones: las otros dos eran el Ayuntamiento y la sala Salvador de Madariaga. Esta dispersi\u00f3n es una de las causas que tenderos y editores arguyeron buscando una explicaci\u00f3n al descenso de p\u00fablico y ventas. Otros dos posibles motivos podr\u00edan ser la semana de retraso respecto a otros a\u00f1os (normalmente coincide con la semana grande de las Fiestas de Maria Pita, con la ciudad repleta de turismo) y la proximidad a fin de mes (m\u00e1s all\u00e1 del d\u00eda quince te preocupan menos los c\u00f3mics y m\u00e1s intentar llegar a fin de mes, se supone). La exposici\u00f3n del Quiosco Alfonso era una buena idea: Editoriales Independientes Espa\u00f1olas (1975-2002), aunque no estaba ordenada cron\u00f3logicamente, no hab\u00eda informaci\u00f3n que la apoyase y los originales expuestos casi siempre carac\u00edan de la suficiente informaci\u00f3n al pie para ser valorados y entendidos correctamente. Cuando s\u00f3lo queda un d\u00eda para que finalicen las exposiciones, no he podido ver a\u00fan la de El Jueves en el Ayuntamiento, ya que tiene un horario muy reducido el cual est\u00e1 limitado a\u00fan m\u00e1s por la cont\u00ednua presencia de bodorrios. Las dos \u00faltimas, en la Salvador de Madariaga, son estupendas. En la planta baja Los Inventos del TBO: los dibujos enmarcados est\u00e1n apoyados por intentos de fabricaci\u00f3n de aquellos imposibles aunque bien pr\u00e1cticos artilugios. Y tambi\u00e9n, la exposici\u00f3n itinerante basada en el \u00faltimo concurso de c\u00f3mic del INJUVE, muy recomendable para ir qued\u00e1ndose con algunos nombres nuevos. Volvamos a los stands, que es donde estaba situada la acci\u00f3n. All\u00ed y en la terraza del Copacabana claro, punto de referencia de dibujantes, editores y personajes. \u00bfQu\u00e9 hubo de interesante? Veamos: Ricardo Mena, rector del fanzine Cabezabajo y sufrido trabajador de Madrid C\u00f3mics presenta su nueva revista, Buen Provecho. Portada de Miguel \u00c1ngel Mart\u00edn y muy buena elecci\u00f3n de colaboradores aunque yo, que soy una tiquismiquis, me tiro toda la semana quej\u00e1ndome del acabado: si en vez de grapa le hubiera puesto un lomito, hubiera triunfado. Una comida en el restaurante de la Domus con Jes\u00fas Moreno (Editorial Sins entido), Paco Camarasa (Ediciones De Ponent), los directores de la revista Tos y santiago Valenzuela (\u201cHorizontes lejanos\u201d) queda reflejado en La Voz de Galicia (25-8-02) del s\u00e9ptimo comensal, el periodista Rub\u00e9n Ventureira. En la mesa de al lado tenemos Miguelanxo Prado comiendo con Jan, el creador de Superl\u00f3pez; su presencia despierta menos an\u00e9cdotas aqu\u00ed que en el Sal\u00f3 de Barcelona. Se presenta una nueva revista gallega muy sugerente aunque algo cara, se llama BD Banda y est\u00e1 dirigida por Kiko da Silva, dibujante tambi\u00e9n en Golfi\u00f1o. Adem\u00e1s de Jan, el otro homenajeado del Vi\u00f1etas es Jordi Bernet, creador de Torpedo. Y por ah\u00ed anda. Aparece Mauro Entrialgo y todo el mundo quiere que le haga un dibujo. \u00c9l y Calpurnio son las estrellas del stand de Madrid C\u00f3mics, el \u00fanico que acoge firmas. La editorial coru\u00f1esa Polaqia organiza una fiesta en La Fonda de Sopapo y una exposici\u00f3n en El Caf\u00e9 de Macondo. Gracias a esto y a un stand en la feria consigue que hablen mucho de ellos. Adem\u00e1s, est\u00e1 dirigida por los propios dibujantes, un grupo informe de \u201cunos cuantos\u201d (en palabras de Jano) y, seg\u00fan el peri\u00f3dico: Kike Benlloch, Alberto V\u00e1zquez, Bernal, Jano, David y Diego Blanco. Presentan dos novedades, ambas preciosas: \u201cAlter ego\u201d de Alberto V\u00e1zquez y \u201cPatricia\u201d de Jano. Otra novedad es la presentaci\u00f3n (no llegar\u00e1 a las tiendas hasta m\u00e1s adelante) del n\u00famero dos de Tos, revista editada por Sins entido. Dirigida por los dibujantes Juanjo el R\u00e1pido y Nacho Casanova recoge toda la pulcritud y seriedad que se puede esperar de la editorial de Jes\u00fas Moreno, a la par que la emoci\u00f3n, la sorpresa y el descubrimiento de nuevos nombres a los que ya nos ten\u00edan habituados los directores en sus antiguas publicaciones \u201cIdiota y diminuto\u201d y \u201cComo vacas mirando el tren\u201d, respectivamente. Y siguiendo con las presencias, all\u00ed tuvimos la de Alfonso Font, un cl\u00e1sico del c\u00f3mic espa\u00f1ol de thrillers, negro y ciencia ficci\u00f3n as\u00ed como tambi\u00e9n la de dos cl\u00e1sicos de cualquier encuentro fanzinero o similar de la geograf\u00eda espa\u00f1ola, los Jay \u00bb Silent Bob patrios (de Granada, para ser exactos), los mejores vendedores de su propio producto: un fanzine fotocopiado y con imperdible que vend\u00edan \u201ca precio de birra\u201d y con la esperanza de quedarse las vueltas de su coste (1.5 \/) para el bote. El artefacto cambia de nombre con cada n\u00famero, en este caso la cabecera era \u201cPor el camino recto\u201d. Una buena representaci\u00f3n en las tiendas de la BD lusa, un nuevo n\u00famero con portada de Calpurnio de la Gu\u00eda del C\u00f3mic editada por Christian Osuna (Under C\u00f3mic) y el anuncio de un nuevo sal\u00f3n en Getxo dirigido por Borja Crespo (Subterfuge) terminaron de cincelar una semana tranquila y placentera marcada por la queja de los dibujantes ausentes (\u201cno nos han invitado\u201d) a cambio de la satisfacci\u00f3n de los editores independientes, que han sido tratados y considerados como nunca. Elena Cabrera\t<\/p>\n","protected":false},"excerpt":{"rendered":"<p>VI\u00d1ETAS DESDE O ATL\u00c1NTICO 2002 (Del 19 al 25 de agosto) POR EL CAMINO RECTO Publicado en Desorden.net El \u00faltimo sal\u00f3n del c\u00f3mic del verano o el primero del oto\u00f1o -pues qui\u00e9n sabe d\u00f3nde comienza la temporada- tiene lugar en A Coru\u00f1a, tan cerca del mar que los tenderos no paran de quejarse de esa [&hellip;]<\/p>\n","protected":false},"author":1,"featured_media":0,"comment_status":"open","ping_status":"open","sticky":false,"template":"","format":"standard","meta":{"footnotes":""},"categories":[],"tags":[],"class_list":["post-603","post","type-post","status-publish","format-standard","hentry"],"_links":{"self":[{"href":"http:\/\/www.elenacabrera.com\/weblog3\/wp-json\/wp\/v2\/posts\/603","targetHints":{"allow":["GET"]}}],"collection":[{"href":"http:\/\/www.elenacabrera.com\/weblog3\/wp-json\/wp\/v2\/posts"}],"about":[{"href":"http:\/\/www.elenacabrera.com\/weblog3\/wp-json\/wp\/v2\/types\/post"}],"author":[{"embeddable":true,"href":"http:\/\/www.elenacabrera.com\/weblog3\/wp-json\/wp\/v2\/users\/1"}],"replies":[{"embeddable":true,"href":"http:\/\/www.elenacabrera.com\/weblog3\/wp-json\/wp\/v2\/comments?post=603"}],"version-history":[{"count":2,"href":"http:\/\/www.elenacabrera.com\/weblog3\/wp-json\/wp\/v2\/posts\/603\/revisions"}],"predecessor-version":[{"id":2002002118,"href":"http:\/\/www.elenacabrera.com\/weblog3\/wp-json\/wp\/v2\/posts\/603\/revisions\/2002002118"}],"wp:attachment":[{"href":"http:\/\/www.elenacabrera.com\/weblog3\/wp-json\/wp\/v2\/media?parent=603"}],"wp:term":[{"taxonomy":"category","embeddable":true,"href":"http:\/\/www.elenacabrera.com\/weblog3\/wp-json\/wp\/v2\/categories?post=603"},{"taxonomy":"post_tag","embeddable":true,"href":"http:\/\/www.elenacabrera.com\/weblog3\/wp-json\/wp\/v2\/tags?post=603"}],"curies":[{"name":"wp","href":"https:\/\/api.w.org\/{rel}","templated":true}]}}