{"id":610,"date":"2002-08-01T17:10:46","date_gmt":"2002-08-01T15:10:46","guid":{"rendered":""},"modified":"2018-09-03T18:56:29","modified_gmt":"2018-09-03T16:56:29","slug":"indigestion-fanzines-eclipse-papel","status":"publish","type":"post","link":"http:\/\/www.elenacabrera.com\/weblog3\/2002\/08\/01\/indigestion-fanzines-eclipse-papel\/","title":{"rendered":"Indigesti\u00f3n de Fanzines en Eclipse de papel"},"content":{"rendered":"<p><b>ECLIPSE DE PAPEL INDIGESTI\u00d3N DE FANZINES<\/b> <i>Publicado en TOS<\/i> N\u00ba: \u00fanico. Fecha de aparici\u00f3n: noviembre 1994. Editor: Ediciones a la Sombra del Este. P\u00e1ginas: 94 + cubiertas + folleto, encuadernado a canutillo. Colaboradores: Olaf, Tomate (Murky), Mauro Entrialgo, El Zurdo, Vavinsod\u00e9 Sogarcuenrro (Carlos Tim\u00f3n), Iv\u00e1n, Kris, Dav\u00edn y Gwion (Elena Cabrera). Reedici\u00f3n: Edici\u00f3n Pirata 98.<\/p>\n<p>Nueve a\u00f1os despu\u00e9s de compilar y fotocopiar Indigesti\u00f3n de Fanzines, me cuesta reconocer que lo hice yo, que forma parte de mi pasado; la distancia me hace recordarlo como algo ajeno y extra\u00f1o. Ha sido la invitaci\u00f3n de Juanjo el R\u00e1pido para convertirle en protagonista del presente Eclipse de Papel lo que me ha hecho reencontrarme con esta especie de hijo perdido y parido en mi adolescencia. Descubr\u00ed los fanzines en el 93 (aunque ya hab\u00eda hecho uno a\u00f1os atr\u00e1s \u2013Bertedero- sin saber c\u00f3mo llamarlo) y al poco ya me hab\u00eda pose\u00eddo la necesidad de convencer a todo el mundo para que leyeran, realizaran, compraran.<\/p>\n<p>Ten\u00eda un programa en la radio libre madrile\u00f1a Radio Carcoma y me ven\u00eda bien, para informaci\u00f3n m\u00eda y de la emisora, recopilar las direcciones de aquellos fanzines que iba conociendo. En cuanto me di cuenta de la utilidad de ese primer listado, en seguida decid\u00ed que era yo quien ten\u00eda que hacer el primer fanzine de fanzines, desconociendo realmente si alguien lo habr\u00eda hecho ya ni si ser\u00eda capaz de poner t\u00e9rmino a esa incontrolable ramificaci\u00f3n fluvial que era tirar del hilo que ofrec\u00edan los fanzines m\u00e1s cercanos y, a trav\u00e9s de ellos, llegar a los cercanos a ellos, y a los cercanos de los cercanos a ellos, y as\u00ed, hasta alcanzar los datos de publicaciones que quiz\u00e1 no me interesaban, que probablemente nunca leer\u00eda pero que exist\u00edan, esperando los lectores adecuados. Si consegu\u00eda colocar mi list\u00edn all\u00e1 donde el resto de fanzines no llegaban, podr\u00eda hacer conectar a gente que busca cosas con otra gente que busca esas mismas cosas. Clasificados primero en un \u00edndice tem\u00e1tico y despu\u00e9s uno provincial, la indigesti\u00f3n propiamente dicha llegaba en orden alfab\u00e9tico con la relaci\u00f3n de unas 400 cabeceras de prensa marginal espa\u00f1ola. En aquel momento me sent\u00ed orgullosa.<\/p>\n<p>Despu\u00e9s continu\u00e9 con mi vida e hice otras cosas que tambi\u00e9n me hicieron sentir orgullosa. Poco a poco fui perdiendo la memoria. Pero el a\u00f1o pasado Luis Dur\u00e1n me cont\u00f3 que gracias a su copia de Indigesti\u00f3n envi\u00f3 y public\u00f3 sus primeros c\u00f3mics. Para \u00e9l, yo soy \u201cla chica de Indigesti\u00f3n de Fanzines\u201d, lo cual me hace estar orgullosa de aquella que fui, de lo que ella hizo, como algo no tan ajeno ni tan extra\u00f1o. El apoyo (econ\u00f3mico, recopilatorio y de encuadernaci\u00f3n) as\u00ed como el aliento y el impulso lo recib\u00ed sobre todo de Lukas Fern\u00e1ndez, de Radio Carcoma, quien tambi\u00e9n pirate\u00f3 el fanzine con mi consentimiento cuatro a\u00f1os despu\u00e9s. A \u00e9l y a aquella radio le debo gran parte de mi aprendizaje y valores. Pese a las promesas, el n\u00ba 2 nunca pude terminarlo aunque Rub\u00e9n Lard\u00edn dibuj\u00f3 la portada y el C\u00edrculo Primigenio las ilustraciones interiores. Lo siento.<\/p>\n<p>Elena Cabrera<\/p>\n","protected":false},"excerpt":{"rendered":"<p>ECLIPSE DE PAPEL INDIGESTI\u00d3N DE FANZINES Publicado en TOS N\u00ba: \u00fanico. Fecha de aparici\u00f3n: noviembre 1994. Editor: Ediciones a la Sombra del Este. P\u00e1ginas: 94 + cubiertas + folleto, encuadernado a canutillo. Colaboradores: Olaf, Tomate (Murky), Mauro Entrialgo, El Zurdo, Vavinsod\u00e9 Sogarcuenrro (Carlos Tim\u00f3n), Iv\u00e1n, Kris, Dav\u00edn y Gwion (Elena Cabrera). Reedici\u00f3n: Edici\u00f3n Pirata 98. [&hellip;]<\/p>\n","protected":false},"author":1,"featured_media":0,"comment_status":"open","ping_status":"open","sticky":false,"template":"","format":"standard","meta":{"footnotes":""},"categories":[],"tags":[],"class_list":["post-610","post","type-post","status-publish","format-standard","hentry"],"_links":{"self":[{"href":"http:\/\/www.elenacabrera.com\/weblog3\/wp-json\/wp\/v2\/posts\/610","targetHints":{"allow":["GET"]}}],"collection":[{"href":"http:\/\/www.elenacabrera.com\/weblog3\/wp-json\/wp\/v2\/posts"}],"about":[{"href":"http:\/\/www.elenacabrera.com\/weblog3\/wp-json\/wp\/v2\/types\/post"}],"author":[{"embeddable":true,"href":"http:\/\/www.elenacabrera.com\/weblog3\/wp-json\/wp\/v2\/users\/1"}],"replies":[{"embeddable":true,"href":"http:\/\/www.elenacabrera.com\/weblog3\/wp-json\/wp\/v2\/comments?post=610"}],"version-history":[{"count":4,"href":"http:\/\/www.elenacabrera.com\/weblog3\/wp-json\/wp\/v2\/posts\/610\/revisions"}],"predecessor-version":[{"id":2002002281,"href":"http:\/\/www.elenacabrera.com\/weblog3\/wp-json\/wp\/v2\/posts\/610\/revisions\/2002002281"}],"wp:attachment":[{"href":"http:\/\/www.elenacabrera.com\/weblog3\/wp-json\/wp\/v2\/media?parent=610"}],"wp:term":[{"taxonomy":"category","embeddable":true,"href":"http:\/\/www.elenacabrera.com\/weblog3\/wp-json\/wp\/v2\/categories?post=610"},{"taxonomy":"post_tag","embeddable":true,"href":"http:\/\/www.elenacabrera.com\/weblog3\/wp-json\/wp\/v2\/tags?post=610"}],"curies":[{"name":"wp","href":"https:\/\/api.w.org\/{rel}","templated":true}]}}