{"id":611,"date":"2002-08-01T17:14:41","date_gmt":"2002-08-01T15:14:41","guid":{"rendered":""},"modified":"2017-08-22T14:29:02","modified_gmt":"2017-08-22T12:29:02","slug":"paco_vazquez","status":"publish","type":"post","link":"http:\/\/www.elenacabrera.com\/weblog3\/2002\/08\/01\/paco_vazquez\/","title":{"rendered":"Paco V\u00e1zquez: Mis tebeos favoritos"},"content":{"rendered":"<p>\t<b>MIS TEBEOS FAVORITOS PACO V\u00c1ZQUEZ<\/b> <i>Publicado en TOS<\/i> Gracias a la afici\u00f3n del perseverante Alcalde de La Coru\u00f1a, la ciudad tiene un sal\u00f3n del c\u00f3mic -Vi\u00f1etas desde o Atl\u00e1ntico, dirigido por Miguelanxo Prado- aupado con dinero p\u00fablico que, aunque modesto, se caracteriza por el evidente intento de aproximar el tebeo al p\u00fablico de a pie. Considera que las primeras vi\u00f1etas se imprieron en las Cuevas de Altamira (la caza del bisonte), las pir\u00e1mides (la vida del fara\u00f3n) y los c\u00f3dices medievales (la vida de San Francisco o los hechos del rey Wenceslao). Se dice que su colecci\u00f3n es mucho m\u00e1s que envidiable y que est\u00e1 compuesta incluso de un buen n\u00famero de originales. Con el debido respeto, charlamos, en agosto, en su despacho. SOMOS LO QUE SOMOS \u00bfC\u00f3mo prefiere definirse, como aficionado a los c\u00f3mics, como lector o como coleccionista? Soy coleccionista y soy apasionado de la historieta, soy un asiduo lector de \u00e1lbumes, de todas las novedades y de los estudios sobre la historieta. Entiendo que el mundo del tebeo es una expresi\u00f3n de arte al mismo nivel que cualquier otra rama art\u00edstica. Adem\u00e1s, incide en otras como el cine, la novela o la propia televisi\u00f3n. Y hoy en d\u00eda en el campo de la inform\u00e1tica de una manera tremenda. Tengo una buena colecci\u00f3n, desde ni\u00f1o, sobre todo de tebeo espa\u00f1ol, especialmente el antiguo pero tambi\u00e9n colecciono \u00e1lbumes actuales y modernos. Menos mangas, que no me gustan, procuro tener de todo, siempre que sea en espa\u00f1ol. Me gusta estudiar y profundizar lo que significa el mundo de la historieta en las relaciones humanas, pues no es solamente entretenimiento, tambi\u00e9n hay investigaci\u00f3n, hay historia, hay denuncia, hay cr\u00edtica, hay un an\u00e1isis del presente, hay amor, odios, tragedias, comedias, te r\u00edes, te emocionas. Dada la estructra que tiene el tebeo que se publica ahora, lo \u00fanicio que falta es aquel suspense que sent\u00edamos cuando dec\u00eda \u201ccontinuar\u00e1\u201d. En la relaci\u00f3n del lector con los tebeos suele haber un \u2018crack\u2019 cuando el ni\u00f1o considera que ya no tiene edad. M\u00e1s adelante puedes volver o no a ellos. Yo no tuve ninguna ruptura. Creo que eso se produjo en algunas personas sobre todo porque en la Espa\u00f1a de los a\u00f1os 50 y 60 hab\u00eda una f\u00e9rrea censura que imped\u00eda que llegaran aqu\u00ed muchas de las novedades que hab\u00eda en el mundo de la historieta en otros pa\u00edses. Faltaba ese tebeo de adulto y aqu\u00ed te quedabas con lo que se vend\u00eda en los quioscos. Yo entiendo que hay un orden: empiezas leyendo tebeos, sigues con los libros de Guillermo, lees los de Tarz\u00e1n, de Salgari, los de Julio Verne, los de Stevenson, los de Walter Scott, la novela hist\u00f3rica, y cuando te das cuenta ya est\u00e1s metido en el mundo de la lectura. De hecho, quien no lea tebeos le va a costar mucho llegar a otro tipo de lectura. Yo creo es tambi\u00e9n un g\u00e9nero dentro de la literatura. Para los adultos hay mucha literatura dibujada. A mi la saga de El Pr\u00edncipe Valiente siempre me ha apasionado. Hay \u00e1lbumes franceses de los a\u00f1os 60 con adaptaciones de cuentos de Maupassant o de Poe, y lo que represent\u00f3 Breccia, que fue un impacto tremendo. Pero tambi\u00e9n hay otros factores personales, \u00edntimos, como la nostalgia o el recuerdo de tu ni\u00f1ez, que te hacen leer un tebeo m\u00e1s infantil. Al releer recuerdas vivencias o asocias personajes que ves en un Pulgarcito o en un DDT o en un Dumbo de Walt Disney a momentos de tu vida cuando eras chiquito. Otra impacto muy grande fue el descubrimiento de los personajes de los c\u00f3mics americanos, los grandes h\u00e9roes. Eso s\u00ed que fue para mi un chock. Los primeros que llegaron a mis manos fueron Flash Gordon y El Hombre Enmascarado. Despu\u00e9s recuerdo toda la saga del boxeador Ben Bold, fant\u00e1stica. O Julieta Jones que aparentemente era un c\u00f3mic para ni\u00f1as, era precioso. LEEMOS LO QUE QUEREMOS SER \u00bf\u00c9stos ser\u00eda son sus her\u00f3es personales? \u00bfLos que le han acompa\u00f1ado a lo largo de su vida? Yo soy un enamorado del El Corto Malt\u00e9s de Hugo Pratt, creo que es una literatura de ficci\u00f3n preciosa. Me gustan mucho todos los temas de leyendas esot\u00e9ricas, ese tipo de personajes inconformistas, anarquistas. Corto participa tanto en la postrevoluci\u00f3n rusa, que es m\u00e1s interesante y m\u00e1s importante que la propia revoluci\u00f3n, como puede participar en las incidencias de las sociedades secretas turcas y sus relaciones con Venecia, como en Constantinopla o en la magia negra de la Guayana. Aunque el Pr\u00edncipe Valiente es el que m\u00e1s me ha gustado. Me gusta mucho la literatura medieval, todo lo relativo a los personajes art\u00faricos. \u00bfY en el tebeo espa\u00f1ol? Hay que buscar el culto personal. Cachorro siempre me gust\u00f3, de ah\u00ed me vino una afici\u00f3n a la literatura de piratas. Hab\u00eda uno en mi \u00e9poca de chaval, que adem\u00e1s lo tengo entero, y me gust\u00f3 mucho.Fue un tebeo que dur\u00f3 mucho (del 51 al 61) y del que se habla poco hoy en d\u00eda y que era muy bueno, \u201cAventuras del FBI\u201d, era muy bonito, muy de la \u00e9poca de la Guerra Fr\u00eda. Yo hasta tengo el carnet de agente del FBI y la insignia del FBI que daba la editorial Roll\u00e1n, que estaba en Madrid, en la calle San Bernardo. Yo tengo ahora 57 a\u00f1os, nac\u00ed en el a\u00f1o 46, pues es indudable que El Guerrero del Antifaz me influy\u00f3 tambi\u00e9n. Y siempre me gust\u00f3 Walt Disney, sobre todo el Pato Donald. Si en la televisi\u00f3n veo que ponen alg\u00fan corto suyo procuro verlo. Tengo la colecci\u00f3n completa de Dumbo, por ejemplo, que es una colecci\u00f3n muy dif\u00edcil, en Espa\u00f1a no s\u00e9 si habr\u00e1 mucha gente que la tenga. \u00bfPor qu\u00e9 le gusta Donald especialmente? Es un inconformista tremendo, tiene un esp\u00edritu competitivo absoluto, tiene que controlar y dominar a sus sobrinos, tiene que epatar a Daisy, tiene que superar a su primo Narciso Bello, est\u00e1 en lucha con el mundo, se siente un abandonado por su millonario T\u00edo Gilito y al final esa idea de competitividad, de genio cascarrabias, encierra un personaje muy tierno, muy dispuesto siempre a ayudar, a dar la cara, a pelear por los dem\u00e1s. \u00bfTiene algo de gallego entonces, el Pato? Yo creo que el que m\u00e1s de gallego tiene en los disneys es Micky Mouse, que siempre quiere quedar bien con todos. \u00bfNunca le molest\u00f3 de Disney el imperialismo americano subyacente? No, no. Yo siempre lo he visto con ojos de lo que representa. Es evidente que Disney es un gran propagandista de las ideas americanas y del estilo de vida americano pero sus personajes tambi\u00e9n son muy variados y con un criterio de entretenimiento. Se han hecho muchos an\u00e1lisis, yo recuerdo uno en la desaparecida Cuadernos para el Di\u00e1logo, sobre el capitalismo americano y la figura del T\u00edo Gilito, acerca de lo que representaba Disney, sobre todo en Latinoamerica, pero creo que eso es exagerar un poco. SOMOS LO QUE LEEMOS Normalmente nos sentimos influenciados por nuestros h\u00e9roes literarios, si nos gustar\u00eda parecernos a ellos, solemos crecer con ese ideal. \u00bfUsted piensa que le han incluenciado estos h\u00e9roes? Probablemente. Seg\u00fan tu estado de \u00e1nimo, tienes momentos de euforia o momentos de depresi\u00f3n, buscas el personaje o el estilo o el autor que entiendes que te va a permitir una mayor identificaci\u00f3n. Muchos me han influenciado y de manera muy distinta a lo largo de mi vida. Carlos Gim\u00e9nez con sus \u201cParacuellos\u201d por ejemplo, fue un impato chocante, en la \u00e9poca de la transici\u00f3n, leer aquello. Pero luego hasy otro tipo de personajes a los que recurres por su forma de ser o su estilo de vida. Corto Malt\u00e9s es para esos momentos que de escapismo mental, para leer cuando piensas qu\u00e9 te gustar\u00eda ser o lo que te gustar\u00eda no ser. Y despu\u00e9s hay otros personajes que te han servido para re\u00edrte, simplemente. Como Mafalda. Yo me acuerdo cuando recib\u00ed los primeros tebeos de aquellos monta\u00f1eses americanos, Li\u2019l Abner de Andy Capp, en una revista que se llamaba Zeppelin. En Espa\u00f1a El Jueves refleja muy bien la variedad que puede influir en la visi\u00f3n de la realidad social y pol\u00edtica. \u00bfDibuja usted? \u00a1No! Jam\u00e1s, soy incapaz. Lo lamento mucho. En Galicia hay muchos j\u00f3venes autores y adem\u00e1s bastantes de ellos est\u00e1n apostando por escribir sus historietas en gallego. \u00bfEsto es bueno o es malo? Yo tengo una visi\u00f3n mucho m\u00e1s universal. Galicia es un pa\u00eds de dos culturas, yo pertenezco m\u00e1s a la cultura espa\u00f1ola que a la propia cultura en lengua gallega, y cada uno se expresa o se refleja seg\u00fan. Aqu\u00ed tenemos un gran dibujante que es Miguelanxo Prado, un autor que hace obra en gallego y obra en espa\u00f1ol y es internacional, respetado y conocido a nivel de todo el mundo. Cadao uno se expresar\u00e1 con la lengua que desee. Yo creo que es bueno que los autores que escriben en gallego y los que escriben en castellano busquen un punto de encuentro. Lo importante es que haya una l\u00ednea de tebeo gallego que refleje la realidad gallega. Ha habido ahora una experiencia importante que ha sido la derivada del Prestige, una toma de conciencia por parte de muchos artistas que se han unido en un grupo denominado Colectivo Chapapote que han hecho un acta notarial de lo ocurrido, para que atrav\u00e9s de la historieta quede para la posteridad lo que aqu\u00ed pas\u00f3 realmente y no lo que las autoridades quieran decir que pas\u00f3. Elena Cabrera\t<\/p>\n","protected":false},"excerpt":{"rendered":"<p>MIS TEBEOS FAVORITOS PACO V\u00c1ZQUEZ Publicado en TOS Gracias a la afici\u00f3n del perseverante Alcalde de La Coru\u00f1a, la ciudad tiene un sal\u00f3n del c\u00f3mic -Vi\u00f1etas desde o Atl\u00e1ntico, dirigido por Miguelanxo Prado- aupado con dinero p\u00fablico que, aunque modesto, se caracteriza por el evidente intento de aproximar el tebeo al p\u00fablico de a pie. [&hellip;]<\/p>\n","protected":false},"author":1,"featured_media":0,"comment_status":"open","ping_status":"open","sticky":false,"template":"","format":"standard","meta":{"footnotes":""},"categories":[],"tags":[],"class_list":["post-611","post","type-post","status-publish","format-standard","hentry"],"_links":{"self":[{"href":"http:\/\/www.elenacabrera.com\/weblog3\/wp-json\/wp\/v2\/posts\/611","targetHints":{"allow":["GET"]}}],"collection":[{"href":"http:\/\/www.elenacabrera.com\/weblog3\/wp-json\/wp\/v2\/posts"}],"about":[{"href":"http:\/\/www.elenacabrera.com\/weblog3\/wp-json\/wp\/v2\/types\/post"}],"author":[{"embeddable":true,"href":"http:\/\/www.elenacabrera.com\/weblog3\/wp-json\/wp\/v2\/users\/1"}],"replies":[{"embeddable":true,"href":"http:\/\/www.elenacabrera.com\/weblog3\/wp-json\/wp\/v2\/comments?post=611"}],"version-history":[{"count":1,"href":"http:\/\/www.elenacabrera.com\/weblog3\/wp-json\/wp\/v2\/posts\/611\/revisions"}],"predecessor-version":[{"id":2002002137,"href":"http:\/\/www.elenacabrera.com\/weblog3\/wp-json\/wp\/v2\/posts\/611\/revisions\/2002002137"}],"wp:attachment":[{"href":"http:\/\/www.elenacabrera.com\/weblog3\/wp-json\/wp\/v2\/media?parent=611"}],"wp:term":[{"taxonomy":"category","embeddable":true,"href":"http:\/\/www.elenacabrera.com\/weblog3\/wp-json\/wp\/v2\/categories?post=611"},{"taxonomy":"post_tag","embeddable":true,"href":"http:\/\/www.elenacabrera.com\/weblog3\/wp-json\/wp\/v2\/tags?post=611"}],"curies":[{"name":"wp","href":"https:\/\/api.w.org\/{rel}","templated":true}]}}