{"id":62,"date":"2002-10-01T05:10:49","date_gmt":"2002-10-01T04:10:49","guid":{"rendered":""},"modified":"-0001-11-30T00:00:00","modified_gmt":"-0001-11-29T22:00:00","slug":"post_name","status":"publish","type":"post","link":"http:\/\/www.elenacabrera.com\/weblog3\/2002\/10\/01\/post_name\/","title":{"rendered":"Adi\u00f3s al Maes"},"content":{"rendered":"<p>\tO Adi\u00f3s a las Armas. A nadie pareci\u00f3 extra\u00f1arle que ayer Ignacio, ya colega nuestro y encargado del Maes de Flandes del que hemos disfrutado muchos mediosd\u00edas durante el \u00faltimo a\u00f1o, invitara a los que bajaron (yo no, que estuve comiendo con los de <a href=\"http:\/\/www.worldtourtv.com\">WorldTourTV<\/a>) a una botella de rosado. As\u00ed que hoy, cuando han bajado (y de nuevo yo no porque hab\u00eda decidido quedarme en la oficina) se encuentran con la chapa cerrada. Al verles, Ignacio les dice que pasen y les cuenta la historia. El bar ha sido vendido a \u00abunos gallegos\u00bb, estar\u00e1 cerrado un mes, al menos conservar\u00e1 los empleados&#8230; Sigue lloviendo. Mi madre y mi padrino regresan hoy de Coru\u00f1a. \u00bfTraer\u00e1n empanada, pan, pimientos, queso o brona?&#8230; Ah! y que salgo (y los Mor\u00e1n, y Jes\u00fas Llorente, y Julio Ruiz&#8230;) esta noche por la tele, en La Mandr\u00e1gora, como ya sab\u00e9is.\t<\/p>\n","protected":false},"excerpt":{"rendered":"<p>O Adi\u00f3s a las Armas. A nadie pareci\u00f3 extra\u00f1arle que ayer Ignacio, ya colega nuestro y encargado del Maes de Flandes del que hemos disfrutado muchos mediosd\u00edas durante el \u00faltimo a\u00f1o, invitara a los que bajaron (yo no, que estuve comiendo con los de WorldTourTV) a una botella de rosado. As\u00ed que hoy, cuando han [&hellip;]<\/p>\n","protected":false},"author":1,"featured_media":0,"comment_status":"open","ping_status":"open","sticky":false,"template":"","format":"standard","meta":{"footnotes":""},"categories":[],"tags":[],"class_list":["post-62","post","type-post","status-publish","format-standard","hentry"],"_links":{"self":[{"href":"http:\/\/www.elenacabrera.com\/weblog3\/wp-json\/wp\/v2\/posts\/62","targetHints":{"allow":["GET"]}}],"collection":[{"href":"http:\/\/www.elenacabrera.com\/weblog3\/wp-json\/wp\/v2\/posts"}],"about":[{"href":"http:\/\/www.elenacabrera.com\/weblog3\/wp-json\/wp\/v2\/types\/post"}],"author":[{"embeddable":true,"href":"http:\/\/www.elenacabrera.com\/weblog3\/wp-json\/wp\/v2\/users\/1"}],"replies":[{"embeddable":true,"href":"http:\/\/www.elenacabrera.com\/weblog3\/wp-json\/wp\/v2\/comments?post=62"}],"version-history":[{"count":0,"href":"http:\/\/www.elenacabrera.com\/weblog3\/wp-json\/wp\/v2\/posts\/62\/revisions"}],"wp:attachment":[{"href":"http:\/\/www.elenacabrera.com\/weblog3\/wp-json\/wp\/v2\/media?parent=62"}],"wp:term":[{"taxonomy":"category","embeddable":true,"href":"http:\/\/www.elenacabrera.com\/weblog3\/wp-json\/wp\/v2\/categories?post=62"},{"taxonomy":"post_tag","embeddable":true,"href":"http:\/\/www.elenacabrera.com\/weblog3\/wp-json\/wp\/v2\/tags?post=62"}],"curies":[{"name":"wp","href":"https:\/\/api.w.org\/{rel}","templated":true}]}}