{"id":620,"date":"2005-07-23T20:01:59","date_gmt":"2005-07-23T18:01:59","guid":{"rendered":""},"modified":"-0001-11-30T00:00:00","modified_gmt":"-0001-11-29T22:00:00","slug":"post_name","status":"publish","type":"post","link":"http:\/\/www.elenacabrera.com\/weblog3\/2005\/07\/23\/post_name\/","title":{"rendered":"Copyfight, software privativo o libre y CC"},"content":{"rendered":"<p>\tDe muchas de las cosas que he dicho en Nada que perder, hay algunas de las que me arrepiento profundamente, por lo mal dichas que est\u00e1n. Pero no meter\u00e9 el dedo en mi llaga. Cada d\u00eda tengo m\u00e1s claro que hay cosas que cada d\u00eda tengo menos claras. Me gustar\u00eda se\u00f1alaros el reciente debate entr Diego mini-d, Pere Quintana Segu\u00ed y alguno m\u00e1s. La cosa comienza con <a href=\"http:\/\/bits.quintanasegui.com\/arxius\/2005\/07\/19\/copyfight-mes-fashion-que-lliures\/\">este post de Pere titulado \u00abCopyfight, m\u00e1s fashion que libres\u00bb<\/a>. Con <a href=\"http:\/\/www.minid.net\/articulos\/2471\/free-choice\">respuesta de Diego en su propio weblog<\/a>, contestado de nuevo por Pere <a href=\"http:\/\/bits.quintanasegui.com\/arxius\/2005\/07\/21\/respuesta-a-mini-d\/\">aqu\u00ed<\/a> y trasladado el debate el tema de \u00abCreative Commons porqu\u00e9 no\u00bb por David de Ugarte <a href=\"http:\/\/www.deugarte.com\/creative-commons-por-que-no\">aqu\u00ed<\/a>. La tesis de Pere es que no es consecuente apoyar la cultura libre si no usas software libre (lo cual es mi opci\u00f3n, ya que uso Mac OS, un sistema operativo que no es libre sino privativo), mientras que mini-d dice lo contrario y adem\u00e1s justifica su opci\u00f3n gracias a la productividad que le permite Mac OS. Uhm. <i>\u00abCreative Commons significa m\u00e1s propiedad intelectual y m\u00e1s fuerte. Por eso es perfectamente compatible con lo fashion, el software privativo y hasta con la industria farmace\u00fatica. No digamos con la cultura de libre distribuci\u00f3n. Ahora, Cultura Libre es otra cosa. Y a ella CC no ayuda, al contrario, construye las futuras barricadas ideol\u00f3gicas y legales de sus enemigos\u00bb<\/i> David de Ugarte <a href=\"http:\/\/www.deugarte.com\/creative-commons-por-que-no\">aqu\u00ed<\/a>. Que alguien me rebata pero entiendo que \u00abpropiedad intelectual\u00bb (ok, no estoy de acuerdo: es contradictorio) es una cosa diferente a \u00abesto lo he hecho yo\u00bb. Yo no quiero decir que estas entradas en The Last Dance sean \u00abm\u00edas\u00bb (no son de mi propiedad, no comercio con ellas, no las quiero poseer) pero s\u00ed las he escrito yo. No soy su propietaria pero creo que s\u00ed soy su autora. Las he dado nacimiento. No les pido nada pero las firmo. \u00bfResulta que por ello estoy defendiendo la propiedad intelectual? Las <a href=\"http:\/\/creativecommons.org\/\">CC<\/a> se adaptan al sistema actual y por ello, es verdad, son algo conservadoras (menos que la legislaci\u00f3n en materia de PI al menos). De Ugarte piensa que lo que ahora podemos ver como un peque\u00f1o avance, en el futuro ser\u00e1 algo desastroso, ya que le camino que debemos seguir es el de abolir la propiedad intelectual. <b>Actualizaci\u00f3n 29 de julio<\/b>: la respuesta el\u00e1stica <a href=\"http:\/\/elastico.net\/archives\/005404.html\">aqu\u00ed<\/a> y las respuestas de Cory Doctorow <a href=\"http:\/\/elastico.net\/archives\/005405.html\">aqu\u00ed<\/a>.\t<\/p>\n","protected":false},"excerpt":{"rendered":"<p>De muchas de las cosas que he dicho en Nada que perder, hay algunas de las que me arrepiento profundamente, por lo mal dichas que est\u00e1n. Pero no meter\u00e9 el dedo en mi llaga. Cada d\u00eda tengo m\u00e1s claro que hay cosas que cada d\u00eda tengo menos claras. Me gustar\u00eda se\u00f1alaros el reciente debate entr [&hellip;]<\/p>\n","protected":false},"author":1,"featured_media":0,"comment_status":"open","ping_status":"open","sticky":false,"template":"","format":"standard","meta":{"footnotes":""},"categories":[],"tags":[],"class_list":["post-620","post","type-post","status-publish","format-standard","hentry"],"_links":{"self":[{"href":"http:\/\/www.elenacabrera.com\/weblog3\/wp-json\/wp\/v2\/posts\/620","targetHints":{"allow":["GET"]}}],"collection":[{"href":"http:\/\/www.elenacabrera.com\/weblog3\/wp-json\/wp\/v2\/posts"}],"about":[{"href":"http:\/\/www.elenacabrera.com\/weblog3\/wp-json\/wp\/v2\/types\/post"}],"author":[{"embeddable":true,"href":"http:\/\/www.elenacabrera.com\/weblog3\/wp-json\/wp\/v2\/users\/1"}],"replies":[{"embeddable":true,"href":"http:\/\/www.elenacabrera.com\/weblog3\/wp-json\/wp\/v2\/comments?post=620"}],"version-history":[{"count":0,"href":"http:\/\/www.elenacabrera.com\/weblog3\/wp-json\/wp\/v2\/posts\/620\/revisions"}],"wp:attachment":[{"href":"http:\/\/www.elenacabrera.com\/weblog3\/wp-json\/wp\/v2\/media?parent=620"}],"wp:term":[{"taxonomy":"category","embeddable":true,"href":"http:\/\/www.elenacabrera.com\/weblog3\/wp-json\/wp\/v2\/categories?post=620"},{"taxonomy":"post_tag","embeddable":true,"href":"http:\/\/www.elenacabrera.com\/weblog3\/wp-json\/wp\/v2\/tags?post=620"}],"curies":[{"name":"wp","href":"https:\/\/api.w.org\/{rel}","templated":true}]}}