{"id":639,"date":"2005-08-08T08:26:23","date_gmt":"2005-08-08T06:26:23","guid":{"rendered":""},"modified":"-0001-11-30T00:00:00","modified_gmt":"-0001-11-29T22:00:00","slug":"post_name","status":"publish","type":"post","link":"http:\/\/www.elenacabrera.com\/weblog3\/2005\/08\/08\/post_name\/","title":{"rendered":"Sin pena ni gloria"},"content":{"rendered":"<p>\tA mis espaldas Juan Antonio, Salva y B\u00e1rbara rematan la maquetaci\u00f3n de las \u00faltimas p\u00e1ginas del \u00faltimo Fiber del \u00faltimo Festival vivido. Cristina, codo con codo, les marca. Sostiene el rotulador fluorescente sin tapa, con ganas de tachar algo m\u00e1s en el planillo. Sonlas ocho y cuarto y dentro de cuarenta y cinco minutos llegar\u00e1n los inform\u00e1ticos para desmontar los ocho pcs que hemos aporreado. Ha habido bajas: una m\u00e1quina que no se conectaba a la red y un teclado que decidi\u00f3 hoy no decir ni una letra m\u00e1s. <center><a href=\"http:\/\/www.flickr.com\/photos\/elenac\/32193574\/\" title=\"Photo Sharing\"><img loading=\"lazy\" decoding=\"async\" src=\"http:\/\/photos23.flickr.com\/32193574_48b06922fe.jpg\" width=\"500\" height=\"375\" alt=\"En las \u00faltimas\" \/><\/a><\/center> Andaba pensando que la expresi\u00f3n \u00absin pena ni gloria\u00bb no significa mediocre. Tiene m\u00e1s que ver con los tiempos estoicos. Sirve para la sensaci\u00f3n que tengo ahora respecto al fin del FIB. A\u00fan no siento la pena y mucho menos la gloria. <center><a href=\"http:\/\/www.flickr.com\/photos\/elenac\/32196983\/\" title=\"Photo Sharing\"><img loading=\"lazy\" decoding=\"async\" src=\"http:\/\/photos22.flickr.com\/32196983_0b4cece90a.jpg\" width=\"500\" height=\"375\" alt=\"Que se van, que se van\" \/><\/a><\/center>\t<\/p>\n","protected":false},"excerpt":{"rendered":"<p>A mis espaldas Juan Antonio, Salva y B\u00e1rbara rematan la maquetaci\u00f3n de las \u00faltimas p\u00e1ginas del \u00faltimo Fiber del \u00faltimo Festival vivido. Cristina, codo con codo, les marca. Sostiene el rotulador fluorescente sin tapa, con ganas de tachar algo m\u00e1s en el planillo. Sonlas ocho y cuarto y dentro de cuarenta y cinco minutos llegar\u00e1n [&hellip;]<\/p>\n","protected":false},"author":1,"featured_media":0,"comment_status":"open","ping_status":"open","sticky":false,"template":"","format":"standard","meta":{"footnotes":""},"categories":[],"tags":[],"class_list":["post-639","post","type-post","status-publish","format-standard","hentry"],"_links":{"self":[{"href":"http:\/\/www.elenacabrera.com\/weblog3\/wp-json\/wp\/v2\/posts\/639","targetHints":{"allow":["GET"]}}],"collection":[{"href":"http:\/\/www.elenacabrera.com\/weblog3\/wp-json\/wp\/v2\/posts"}],"about":[{"href":"http:\/\/www.elenacabrera.com\/weblog3\/wp-json\/wp\/v2\/types\/post"}],"author":[{"embeddable":true,"href":"http:\/\/www.elenacabrera.com\/weblog3\/wp-json\/wp\/v2\/users\/1"}],"replies":[{"embeddable":true,"href":"http:\/\/www.elenacabrera.com\/weblog3\/wp-json\/wp\/v2\/comments?post=639"}],"version-history":[{"count":0,"href":"http:\/\/www.elenacabrera.com\/weblog3\/wp-json\/wp\/v2\/posts\/639\/revisions"}],"wp:attachment":[{"href":"http:\/\/www.elenacabrera.com\/weblog3\/wp-json\/wp\/v2\/media?parent=639"}],"wp:term":[{"taxonomy":"category","embeddable":true,"href":"http:\/\/www.elenacabrera.com\/weblog3\/wp-json\/wp\/v2\/categories?post=639"},{"taxonomy":"post_tag","embeddable":true,"href":"http:\/\/www.elenacabrera.com\/weblog3\/wp-json\/wp\/v2\/tags?post=639"}],"curies":[{"name":"wp","href":"https:\/\/api.w.org\/{rel}","templated":true}]}}