{"id":643,"date":"2005-08-15T17:15:28","date_gmt":"2005-08-15T15:15:28","guid":{"rendered":""},"modified":"-0001-11-30T00:00:00","modified_gmt":"-0001-11-29T22:00:00","slug":"post_name","status":"publish","type":"post","link":"http:\/\/www.elenacabrera.com\/weblog3\/2005\/08\/15\/post_name\/","title":{"rendered":"Reivindicando Monte Alto"},"content":{"rendered":"<p>\tDurante estos d\u00edas he buscado los rastros que se defienden de la especulaci\u00f3n vertical en Monte Alto, el barrio de La Coru\u00f1a que siento como m\u00edo. Desarrollo r\u00e1pido la querencia a los barrios, es verdad, pero es que en cuanto la biograf\u00eda emocional se liga un poco a casas, calles, esquinas y lugares secretos no puedo evitar sentir que tengo una tierra que defender. Poco a poco observo c\u00f3mo se est\u00e1n derribando muchas de las casas que dibujan el paisaje natural de Monte Alto para construir estrechos edificios de siete u ocho alturas, con cristaleras al estilo coru\u00f1\u00e9s que no digo que sea feo, que es lindo, pero no es propio de esa zona de monte y costa de obreros y s\u00ed lo es de una marina m\u00e1s de paseo y pudiente. Me duele en los huesos cada vez que se echa abajo una casa en la que alg\u00fan d\u00eda imagin\u00e9 c\u00f3mo ser\u00eda vivir en ella, cualquier casa bonita, recia y s\u00f3lida en la que yo hubiera podido ser feliz. <center><a href=\"http:\/\/www.flickr.com\/photos\/elenac\/sets\/758156\/\">Este es el Monte Alto que no quiero que desaparezca<\/a>. <a href=\"http:\/\/www.flickr.com\/photos\/elenac\/34233414\/\" title=\"Photo Sharing\"><img loading=\"lazy\" decoding=\"async\" src=\"http:\/\/photos21.flickr.com\/34233414_b8d4780e2f.jpg\" width=\"375\" height=\"500\" alt=\"A casi\u00f1a\" \/><\/a><\/center>\t<\/p>\n","protected":false},"excerpt":{"rendered":"<p>Durante estos d\u00edas he buscado los rastros que se defienden de la especulaci\u00f3n vertical en Monte Alto, el barrio de La Coru\u00f1a que siento como m\u00edo. Desarrollo r\u00e1pido la querencia a los barrios, es verdad, pero es que en cuanto la biograf\u00eda emocional se liga un poco a casas, calles, esquinas y lugares secretos no [&hellip;]<\/p>\n","protected":false},"author":1,"featured_media":0,"comment_status":"open","ping_status":"open","sticky":false,"template":"","format":"standard","meta":{"footnotes":""},"categories":[],"tags":[],"class_list":["post-643","post","type-post","status-publish","format-standard","hentry"],"_links":{"self":[{"href":"http:\/\/www.elenacabrera.com\/weblog3\/wp-json\/wp\/v2\/posts\/643","targetHints":{"allow":["GET"]}}],"collection":[{"href":"http:\/\/www.elenacabrera.com\/weblog3\/wp-json\/wp\/v2\/posts"}],"about":[{"href":"http:\/\/www.elenacabrera.com\/weblog3\/wp-json\/wp\/v2\/types\/post"}],"author":[{"embeddable":true,"href":"http:\/\/www.elenacabrera.com\/weblog3\/wp-json\/wp\/v2\/users\/1"}],"replies":[{"embeddable":true,"href":"http:\/\/www.elenacabrera.com\/weblog3\/wp-json\/wp\/v2\/comments?post=643"}],"version-history":[{"count":0,"href":"http:\/\/www.elenacabrera.com\/weblog3\/wp-json\/wp\/v2\/posts\/643\/revisions"}],"wp:attachment":[{"href":"http:\/\/www.elenacabrera.com\/weblog3\/wp-json\/wp\/v2\/media?parent=643"}],"wp:term":[{"taxonomy":"category","embeddable":true,"href":"http:\/\/www.elenacabrera.com\/weblog3\/wp-json\/wp\/v2\/categories?post=643"},{"taxonomy":"post_tag","embeddable":true,"href":"http:\/\/www.elenacabrera.com\/weblog3\/wp-json\/wp\/v2\/tags?post=643"}],"curies":[{"name":"wp","href":"https:\/\/api.w.org\/{rel}","templated":true}]}}