{"id":647,"date":"2005-10-03T11:33:19","date_gmt":"2005-10-03T09:33:19","guid":{"rendered":""},"modified":"2020-10-18T14:10:11","modified_gmt":"2020-10-18T12:10:11","slug":"luz-seca","status":"publish","type":"post","link":"http:\/\/www.elenacabrera.com\/weblog3\/2005\/10\/03\/luz-seca\/","title":{"rendered":"Luz seca"},"content":{"rendered":"<p>Lo primero que he notado ha sido el fr\u00edo. Baj\u00e9 a tirar el vidrio, por tener una excusa para ir a la calle. Y lo siguiente de lo que me di cuenta fue de la luz en la escalera, que estaba a oscuras a pesar de la luz que entra por las ventanas de los patios. Y la luz esa no era amarilla, era m\u00e1s bien azul, seca. Y en la calle, ese silencio raro de cuando va a pasar algo roto por una vecina que le habla a gritos a otra por el telefonillo para que baje a ver \u00abel eclissse\u00bb. Lo siguiente extra\u00f1o ha sido que la plaza de Franscisco Silvela estuviera rajada en dos. Una parte a oscuras, vac\u00eda, y otra pintada con una tira de sol en la que se amontanaba un n\u00famero creciente de peatones mirando hacia arriba, direcci\u00f3n Doctor Esquerdo, con gafas de lunas negras y montura de cartulina, con las bocas abiertas, como si por priemra vez vieran una pel\u00edcula 3D. Entonces me fij\u00e9 en la sombra que proyectaba mi figura sobre la acera, eso s\u00ed que era curioso: el contorno era doble, vibrante. M\u00e1s adelante vi a dos emleadas de la droguer\u00eda haciendo un experimento con dos folios. En el que hab\u00edan puesto en el suelo se proyectaba la sombra de un c\u00edrculo que hab\u00edan recortado en el otro papel. Pero la sombra no era c\u00edrcular, sino de un m\u00ednimo cuarto creciente. Encontr\u00e9 un amigo en la esquina y me pas\u00f3 sus gafas, en silencio, casi sin decir ni hola antes. En realidad ya me daba igual pero me pudo la curiosidad. Un rato antes estuve a punto de comprar las gafas en la farmacia, incluso hice la cola durante un rato pero cuando estaba a punto de tocarme me arrepent\u00ed y me fui de all\u00ed. Hubo algo que no me gust\u00f3. No s\u00e9 qu\u00e9: la cola de gente, la sonrisa maliciosa del farmac\u00e9utico al decir el precio de las gafas, la sensaci\u00f3n de que con unas gafas con estrellas pintadas sobre la cartulina no me iban a dejar ver lo que yo quer\u00eda ver. Me llamaba m\u00e1s la atenci\u00f3n el efecto del <a href=\"http:\/\/www.flickr.com\/photos\/tags\/eclipse\/\" target=\"blank\" rel=\"noopener noreferrer\">eclipse<\/a> que el eclipse en s\u00ed mismo. Como cuando hace unos a\u00f1os, en Benic\u00e0ssim, est\u00e1bamos en la piscina y todo se nublo y pasaron cosas raras, \u00bfverdad Aldo?<\/p>\n<p><center><img decoding=\"async\" src=\"http:\/\/static.flickr.com\/24\/48947518_7e9a1d1cc8_m.jpg\"> Foto <a href=\"http:\/\/www.flickr.com\/photos\/designios\/48947518\">Xavi Calvo<\/a>. <img decoding=\"async\" src=\"http:\/\/static.flickr.com\/27\/48948574_a04084050b_m.jpg\"> Foto <a href=\"http:\/\/www.flickr.com\/photos\/fluzo\/48948574\">Manuel Bartual<\/a>. <img decoding=\"async\" src=\"http:\/\/static.flickr.com\/24\/48949267_10873ee145_m.jpg\"> Foto de <a href=\"http:\/\/www.flickr.com\/photos\/nilsvdburg\/48949267\/\">nilsvdburg<\/a>. <img decoding=\"async\" src=\"http:\/\/static.flickr.com\/31\/48948992_d9bcb8b038_m.jpg\"> Foto de <a href=\"http:\/\/www.flickr.com\/photos\/korah\/48948992\/\">Andrew Kornienko<\/a>. <img decoding=\"async\" src=\"http:\/\/static.flickr.com\/30\/48951051_08d591409c_m.jpg\"> Foto de <a href=\"http:\/\/www.flickr.com\/photos\/bachirica\/48951051\/\">Bernardo Achirica<\/a>.<\/center><\/p>\n","protected":false},"excerpt":{"rendered":"<p>Lo primero que he notado ha sido el fr\u00edo. Baj\u00e9 a tirar el vidrio, por tener una excusa para ir a la calle. Y lo siguiente de lo que me di cuenta fue de la luz en la escalera, que estaba a oscuras a pesar de la luz que entra por las ventanas de los [&hellip;]<\/p>\n","protected":false},"author":1,"featured_media":0,"comment_status":"open","ping_status":"open","sticky":false,"template":"","format":"standard","meta":{"footnotes":""},"categories":[1],"tags":[],"class_list":["post-647","post","type-post","status-publish","format-standard","hentry","category-sin-categoria"],"_links":{"self":[{"href":"http:\/\/www.elenacabrera.com\/weblog3\/wp-json\/wp\/v2\/posts\/647","targetHints":{"allow":["GET"]}}],"collection":[{"href":"http:\/\/www.elenacabrera.com\/weblog3\/wp-json\/wp\/v2\/posts"}],"about":[{"href":"http:\/\/www.elenacabrera.com\/weblog3\/wp-json\/wp\/v2\/types\/post"}],"author":[{"embeddable":true,"href":"http:\/\/www.elenacabrera.com\/weblog3\/wp-json\/wp\/v2\/users\/1"}],"replies":[{"embeddable":true,"href":"http:\/\/www.elenacabrera.com\/weblog3\/wp-json\/wp\/v2\/comments?post=647"}],"version-history":[{"count":1,"href":"http:\/\/www.elenacabrera.com\/weblog3\/wp-json\/wp\/v2\/posts\/647\/revisions"}],"predecessor-version":[{"id":2002003599,"href":"http:\/\/www.elenacabrera.com\/weblog3\/wp-json\/wp\/v2\/posts\/647\/revisions\/2002003599"}],"wp:attachment":[{"href":"http:\/\/www.elenacabrera.com\/weblog3\/wp-json\/wp\/v2\/media?parent=647"}],"wp:term":[{"taxonomy":"category","embeddable":true,"href":"http:\/\/www.elenacabrera.com\/weblog3\/wp-json\/wp\/v2\/categories?post=647"},{"taxonomy":"post_tag","embeddable":true,"href":"http:\/\/www.elenacabrera.com\/weblog3\/wp-json\/wp\/v2\/tags?post=647"}],"curies":[{"name":"wp","href":"https:\/\/api.w.org\/{rel}","templated":true}]}}