{"id":65,"date":"2002-09-30T10:09:06","date_gmt":"2002-09-30T09:09:06","guid":{"rendered":""},"modified":"-0001-11-30T00:00:00","modified_gmt":"-0001-11-29T22:00:00","slug":"post_name","status":"publish","type":"post","link":"http:\/\/www.elenacabrera.com\/weblog3\/2002\/09\/30\/post_name\/","title":{"rendered":"Fin de semana raro"},"content":{"rendered":"<p>\tMientras en Madrid celebr\u00e1bamos la reubicaci\u00f3n de Sandra en Metr\u00f3poli con un buen vino y cena rica en casa de Fran (lo siento, nadie llev\u00f3 c\u00e1mara), en Sevilla se celebraba (a s\u00ed mismo) el festival <a href=\"http:\/\/www.arsonica.com\">Ars\u00f3nica<\/a>, del cual nuestros amigos Vidal Romero y Pablo Vinuesa tienen, digamos, alguna reponsabilidad. Aunque incompleta, hay algunas <a href=\"http:\/\/www.fliparte.net\/arsonica\/\">cr\u00f3nicas<\/a> del evento. Por cierto, durante la cena convertimos la casa de Fran en el Sal\u00f3n de Belleza Terron-s. La Sil y la Noe me cortaron el pelo y luego Sandra, una experta en estas lides, me alis\u00f3 la cabellera. Comimos esa deliciosa tortilla del padre de Sandra, verduritas y seitan cocinados por Fran y de postre una riqu\u00edsima muestra del Tiramis\u00fa preparado por Juanjo. <b>EL RINC\u00d3N DEL LECTOR<\/b> <b>De: Hector Garrido Enviado el: lunes, 30 de septiembre de 2002 15:48 Para: Elena Cabrera Asunto: yo acuso<\/b> <i>&#8230;y solicito a su se\u00f1or\u00eda, que as\u00ed como en su diario se incluy\u00f3 cierta fotograf\u00eda de Carlitos Jimenez pivotando de espaldas al defensor y en posici\u00f3n harto er\u00f3tica (para deleite de homosexuales de pro y se\u00f1oritas de mentenferma) se incluya asimismo en el citado diario, la instant\u00e1nea tomada por la agencia efe &#8211; accesible en el enlace inferior, y que compense de cierta forma la desigualdad producida para con el colectivo heterosexual masculino lector de su diario.<\/i> Habiendo le\u00eddo atentamente las palabras de mi muy apreciado lector H\u00e9ctor Garrido, procedo a la reparaci\u00f3n.\t<\/p>\n","protected":false},"excerpt":{"rendered":"<p>Mientras en Madrid celebr\u00e1bamos la reubicaci\u00f3n de Sandra en Metr\u00f3poli con un buen vino y cena rica en casa de Fran (lo siento, nadie llev\u00f3 c\u00e1mara), en Sevilla se celebraba (a s\u00ed mismo) el festival Ars\u00f3nica, del cual nuestros amigos Vidal Romero y Pablo Vinuesa tienen, digamos, alguna reponsabilidad. Aunque incompleta, hay algunas cr\u00f3nicas del [&hellip;]<\/p>\n","protected":false},"author":1,"featured_media":0,"comment_status":"open","ping_status":"open","sticky":false,"template":"","format":"standard","meta":{"footnotes":""},"categories":[],"tags":[],"class_list":["post-65","post","type-post","status-publish","format-standard","hentry"],"_links":{"self":[{"href":"http:\/\/www.elenacabrera.com\/weblog3\/wp-json\/wp\/v2\/posts\/65","targetHints":{"allow":["GET"]}}],"collection":[{"href":"http:\/\/www.elenacabrera.com\/weblog3\/wp-json\/wp\/v2\/posts"}],"about":[{"href":"http:\/\/www.elenacabrera.com\/weblog3\/wp-json\/wp\/v2\/types\/post"}],"author":[{"embeddable":true,"href":"http:\/\/www.elenacabrera.com\/weblog3\/wp-json\/wp\/v2\/users\/1"}],"replies":[{"embeddable":true,"href":"http:\/\/www.elenacabrera.com\/weblog3\/wp-json\/wp\/v2\/comments?post=65"}],"version-history":[{"count":0,"href":"http:\/\/www.elenacabrera.com\/weblog3\/wp-json\/wp\/v2\/posts\/65\/revisions"}],"wp:attachment":[{"href":"http:\/\/www.elenacabrera.com\/weblog3\/wp-json\/wp\/v2\/media?parent=65"}],"wp:term":[{"taxonomy":"category","embeddable":true,"href":"http:\/\/www.elenacabrera.com\/weblog3\/wp-json\/wp\/v2\/categories?post=65"},{"taxonomy":"post_tag","embeddable":true,"href":"http:\/\/www.elenacabrera.com\/weblog3\/wp-json\/wp\/v2\/tags?post=65"}],"curies":[{"name":"wp","href":"https:\/\/api.w.org\/{rel}","templated":true}]}}