{"id":663,"date":"2005-10-27T21:09:06","date_gmt":"2005-10-27T19:09:06","guid":{"rendered":""},"modified":"-0001-11-30T00:00:00","modified_gmt":"-0001-11-29T22:00:00","slug":"post_name","status":"publish","type":"post","link":"http:\/\/www.elenacabrera.com\/weblog3\/2005\/10\/27\/post_name\/","title":{"rendered":"Mujeres en la prensa alternativa"},"content":{"rendered":"<p>\tDentro de la programaci\u00f3n de <a href=\"http:\/\/www.ladyfestspain.org\/\" target=\"blank\">Ladyfest<\/a>, ma\u00f1ana hay una <a href=\"http:\/\/www.sosoft.tk\/ladyweb\/actividades.html\" target=\"blank\">charla<\/a> en la que participo. El tema es mujeres en la prensa alternativa y estar\u00e1n tambi\u00e9n Patria Godes, Manuela Villa y Laura Sales. De 17:30 a 19:00 en Ladinamo (Mira el Sol, 2). Consultad la programaci\u00f3n en la <a href=\"http:\/\/www.ladyfestspain.org\/\" target=\"blank\">la web<\/a> para no perderos nada, que son muchos conciertos, talleres y debates, en diferentes salas y espacios. <center><img decoding=\"async\" src=\"http:\/\/www.sosoft.tk\/ladyweb\/amarillo-globos.gif\"\/><\/center>\t<\/p>\n","protected":false},"excerpt":{"rendered":"<p>Dentro de la programaci\u00f3n de Ladyfest, ma\u00f1ana hay una charla en la que participo. El tema es mujeres en la prensa alternativa y estar\u00e1n tambi\u00e9n Patria Godes, Manuela Villa y Laura Sales. De 17:30 a 19:00 en Ladinamo (Mira el Sol, 2). Consultad la programaci\u00f3n en la la web para no perderos nada, que son [&hellip;]<\/p>\n","protected":false},"author":1,"featured_media":0,"comment_status":"open","ping_status":"open","sticky":false,"template":"","format":"standard","meta":{"footnotes":""},"categories":[],"tags":[],"class_list":["post-663","post","type-post","status-publish","format-standard","hentry"],"_links":{"self":[{"href":"http:\/\/www.elenacabrera.com\/weblog3\/wp-json\/wp\/v2\/posts\/663","targetHints":{"allow":["GET"]}}],"collection":[{"href":"http:\/\/www.elenacabrera.com\/weblog3\/wp-json\/wp\/v2\/posts"}],"about":[{"href":"http:\/\/www.elenacabrera.com\/weblog3\/wp-json\/wp\/v2\/types\/post"}],"author":[{"embeddable":true,"href":"http:\/\/www.elenacabrera.com\/weblog3\/wp-json\/wp\/v2\/users\/1"}],"replies":[{"embeddable":true,"href":"http:\/\/www.elenacabrera.com\/weblog3\/wp-json\/wp\/v2\/comments?post=663"}],"version-history":[{"count":0,"href":"http:\/\/www.elenacabrera.com\/weblog3\/wp-json\/wp\/v2\/posts\/663\/revisions"}],"wp:attachment":[{"href":"http:\/\/www.elenacabrera.com\/weblog3\/wp-json\/wp\/v2\/media?parent=663"}],"wp:term":[{"taxonomy":"category","embeddable":true,"href":"http:\/\/www.elenacabrera.com\/weblog3\/wp-json\/wp\/v2\/categories?post=663"},{"taxonomy":"post_tag","embeddable":true,"href":"http:\/\/www.elenacabrera.com\/weblog3\/wp-json\/wp\/v2\/tags?post=663"}],"curies":[{"name":"wp","href":"https:\/\/api.w.org\/{rel}","templated":true}]}}