{"id":667,"date":"2005-11-14T00:16:54","date_gmt":"2005-11-13T22:16:54","guid":{"rendered":""},"modified":"-0001-11-30T00:00:00","modified_gmt":"-0001-11-29T22:00:00","slug":"post_name","status":"publish","type":"post","link":"http:\/\/www.elenacabrera.com\/weblog3\/2005\/11\/14\/post_name\/","title":{"rendered":"Distintas maneras de volcarse"},"content":{"rendered":"<p>\t<center><img decoding=\"async\" src=\"http:\/\/nereapozo.ignium-host.com\/paints\/ceni.jpg\"\/><\/center> No me vuelco mucho aqu\u00ed. Lo cual no quiere decir que no me ande derramando <a href=\"http:\/\/www.flickr.com\/photos\/elenac\" target=\"blank\">por otros sitios<\/a>. Estoy sumergida en una de esas crisis en las que no te das cuenta de si est\u00e1s hasta el cuello o hace rato que abandonaste el lodazal pero a\u00fan as\u00ed dejas un rastro, de barro y pisadas, que te delata. El otro d\u00eda le contaba a La Jueza c\u00f3mo hab\u00eda sido, en t\u00e9rminos laborales, mi verano. Lo cual de entrada ya nos estamos poniendo chungos porque se supone que el verano es para tener vacaciones y no para trabajar. No es mi caso. No desde hace unos a\u00f1os&#8230; Pero ya no m\u00e1s para los siguientes. Mi caso es este que paso a exponer: la v\u00edctima es una hembra de ascendencia gallega nacida en Madrid, de estatura no muy alta y edad 30 a\u00f1os reci\u00e9n cumplidos. Se habia liberado del peso del oficinismo desde diciembre de 2003, trabajando desde casa para unos y otros, sin fines de semana ni vacaciones pero sin la obligaci\u00f3n de horarios y con el desorden propio de quien es su propio jefe (<i>\u00abes martes y me lo tomo libre, \u00bfqu\u00e9 pasa?\u00bb<\/i>). Un a\u00f1o y medio en el que no estudi\u00f3 ingl\u00e9s, no hizo un curso de dicci\u00f3n, no se apunt\u00f3 a la escuela de escritura creativa, no se fue a vivir a otro pa\u00eds ni escribi\u00f3 una novela. No obstante hemos de decir que durante ese tiempo pudo vivir con el dinero justo, intent\u00f3 salvar una revista y <a href=\"http:\/\/www.elenacabrera.com\/weblog\/?p=546\" target=\"blank\">entrevist\u00f3 a Harvey Pekar<\/a> <strong>(sospechoso)<\/strong>. Harta de capitanear tan sola su nave Firefly, en el <a href=\"http:\/\/www.ficomic.com\" target=\"blank\">Sal\u00f3 del C\u00f2mic<\/a> <strong>(escenario)<\/strong> de julio (durante el cual los lectores dijeron que la revista que m\u00e1s les gustaba era la que nuestra v\u00edctima hab\u00eda intentado salvar, y que tuvo que dejar morir) ese celestino del contuvernio que es <a href=\"http:\/\/www.sinsentido.es\/\" target=\"blank\">Jes\u00fas Moreno<\/a> <strong>(sospechoso)<\/strong> le se\u00f1al\u00f3 un camino de baldosas amarillas de dise\u00f1o italiano fabricadas a las afueras de Castell\u00f3n. <center><a href=\"http:\/\/www.flickr.com\/photos\/elenac\/48130247\/\" title=\"Photo Sharing\"><img loading=\"lazy\" decoding=\"async\" src=\"http:\/\/static.flickr.com\/27\/48130247_f86aa11ad0_o.jpg\" width=\"500\" height=\"375\" alt=\"No, no cabreo. (Vale, a veces).\" \/><\/a><\/center> Ese camino la llev\u00f3 a un trabajo en una redacci\u00f3n (<i>a kind of<\/i>) en la revista sobre dise\u00f1o (\u00abcultura del proyecto\u00bb) <a href=\"http:\/\/www.experimenta.es\" target=\"blank\">Experimenta<\/a>. All\u00ed ganaba lo mismo que en su anterior trabajo asalariado pero con much\u00edsima menos responsabilidad. De pronto y a pesar del estr\u00e9s pre-FIB <strong>(escenario)<\/strong>, la vida se planteaba tranquila y reluciente. Por fin, \u00a1alguien le mandaba! Ya no ten\u00eda que sufrir por no saber con qu\u00e9 rellenar una p\u00e1gina. Sencillamente se sentaba delante del iMac y esperaba a que le dieran temas guardados dentro de unas bolsitas de pl\u00e1stico. Y a escribir. Como m\u00e1xima preocupaci\u00f3n, dos: que no se notara no sab\u00eda de qu\u00e9 estaba escribiendo y no pasarse de caracteres, que luego cortar en maqueta es un rollo. Era agosto, el <a href=\"http:\/\/www.fiberfib.com\" target=\"blank\">FIB<\/a> hab\u00eda dejado sus secuelas pero queda atr\u00e1s. La \u00faltima semana de agosto y la primera de septiembre fueron d\u00edas id\u00edlicos. Escribiendo sobre l\u00e1mparas en una oficina en servicios m\u00ednimos. Bye bye al estr\u00e9s. Intento recuperar mi \u00e1nimo poco a poco, que est\u00e1 realmente echo una mierda, y la oficina de Experimenta es el perfecto refugio. En eso la v\u00edctima recibe una llamada: \u00bfte vienes a trabajar a <a href=\"http:\/\/www.mtv.es\" target=\"blank\">MTV<\/a>? Tan s\u00f3lo dos breves an\u00e9cdotas para que el jurado pueda valorar la magnitud de la pregunta: siendo ella m\u00e1s peque\u00f1a se consegu\u00eda unos VHS con programas grabados de 120 Minutos, presentado por <a href=\"http:\/\/www.allmusic.com\/cg\/amg.dll?p=amg\"sql=11:u9sxlfke5cqi\" target=\"blank\">Paul King<\/a> y emitido en <a href=\"http:\/\/www.mtv.co.uk\" target=\"blank\">MTV<\/a>, mucho antes de que existiera MTV Espa\u00f1a. Miraba la televisi\u00f3n y se\u00f1alaba: \u00a1yo quiero trabajar ah\u00ed alg\u00fan d\u00eda! Y, segunda, su hermano, durante a\u00f1os, le hac\u00eda constantes bromas al tel\u00e9fono diciendo <i>\u00absomos de la MTV, \u00bfquiere venir a trabajar con nosotros?\u00bb<\/i>. <center><a href=\"http:\/\/www.flickr.com\/photos\/elenac\/62157107\/\" title=\"Photo Sharing\"><img loading=\"lazy\" decoding=\"async\" src=\"http:\/\/static.flickr.com\/28\/62157107_5025738546.jpg\" width=\"500\" height=\"375\" alt=\"Hasta el lunes!\" \/><\/a><\/center> Y ah\u00ed esta neustra v\u00edctima\/acusada. Con el doble de estr\u00e9s que antes, con el doble de responsabilidad. Muerta de nervios. Muerta de ganas. Dentro de una empresa (oficinista de nuevo), dentro de una multinacional (esto va en serio), dentro de un horario (se acabaron los arrebatos) pero, esta vez s\u00ed lleva tripulaci\u00f3n en su <a href=\"http:\/\/www.serenitymovie.com\/\" target=\"blank\">Firefly<\/a>.\t<\/p>\n","protected":false},"excerpt":{"rendered":"<p>No me vuelco mucho aqu\u00ed. Lo cual no quiere decir que no me ande derramando por otros sitios. Estoy sumergida en una de esas crisis en las que no te das cuenta de si est\u00e1s hasta el cuello o hace rato que abandonaste el lodazal pero a\u00fan as\u00ed dejas un rastro, de barro y pisadas, [&hellip;]<\/p>\n","protected":false},"author":1,"featured_media":0,"comment_status":"open","ping_status":"open","sticky":false,"template":"","format":"standard","meta":{"footnotes":""},"categories":[],"tags":[],"class_list":["post-667","post","type-post","status-publish","format-standard","hentry"],"_links":{"self":[{"href":"http:\/\/www.elenacabrera.com\/weblog3\/wp-json\/wp\/v2\/posts\/667","targetHints":{"allow":["GET"]}}],"collection":[{"href":"http:\/\/www.elenacabrera.com\/weblog3\/wp-json\/wp\/v2\/posts"}],"about":[{"href":"http:\/\/www.elenacabrera.com\/weblog3\/wp-json\/wp\/v2\/types\/post"}],"author":[{"embeddable":true,"href":"http:\/\/www.elenacabrera.com\/weblog3\/wp-json\/wp\/v2\/users\/1"}],"replies":[{"embeddable":true,"href":"http:\/\/www.elenacabrera.com\/weblog3\/wp-json\/wp\/v2\/comments?post=667"}],"version-history":[{"count":0,"href":"http:\/\/www.elenacabrera.com\/weblog3\/wp-json\/wp\/v2\/posts\/667\/revisions"}],"wp:attachment":[{"href":"http:\/\/www.elenacabrera.com\/weblog3\/wp-json\/wp\/v2\/media?parent=667"}],"wp:term":[{"taxonomy":"category","embeddable":true,"href":"http:\/\/www.elenacabrera.com\/weblog3\/wp-json\/wp\/v2\/categories?post=667"},{"taxonomy":"post_tag","embeddable":true,"href":"http:\/\/www.elenacabrera.com\/weblog3\/wp-json\/wp\/v2\/tags?post=667"}],"curies":[{"name":"wp","href":"https:\/\/api.w.org\/{rel}","templated":true}]}}