{"id":669,"date":"2005-11-23T21:58:30","date_gmt":"2005-11-23T19:58:30","guid":{"rendered":""},"modified":"-0001-11-30T00:00:00","modified_gmt":"-0001-11-29T22:00:00","slug":"post_name","status":"publish","type":"post","link":"http:\/\/www.elenacabrera.com\/weblog3\/2005\/11\/23\/post_name\/","title":{"rendered":"Novela podcast"},"content":{"rendered":"<p>\tDerivado de la dejadez social de mis \u00faltimos meses, urgar en el Mail intentando ponerme al d\u00eda con mensajes vergonzosamente sin contestar me regala informaciones y cartas entregadas con semanas de retraso, como cuando se perd\u00edan las sacas de correo. La cuesti\u00f3n es que a finales de julio me escribi\u00f3 <a href=\"http:\/\/www.sergioparra.com\" target=\"blank\">Sergio Parra<\/a> explic\u00e1ndome los pormenores de su <a href=\"http:\/\/www.sergioparra.net\/~sparra\/paginas\/pplaton.html\" target=\"blank\">novela podcast -Las gafas de Plat\u00f3n-<\/a>. Probablemente la suya haya sido la primera novela hablada, seriada y distribuida como un podcast en Espa\u00f1a. Se quejaba de la calidad amateur que podr\u00eda tener el resultado pero lo cierto es que yo lo encuentro bastante bien, aunque no es que sea aficionada a los audiolibros. De todas formas, tal y como me ped\u00eda Sergio, aqu\u00ed os dejo el enlace para los que, como \u00e9l mismo, a\u00fan necesiten dormirse con un cuento susurrado al oido, por las noches.\t<\/p>\n","protected":false},"excerpt":{"rendered":"<p>Derivado de la dejadez social de mis \u00faltimos meses, urgar en el Mail intentando ponerme al d\u00eda con mensajes vergonzosamente sin contestar me regala informaciones y cartas entregadas con semanas de retraso, como cuando se perd\u00edan las sacas de correo. La cuesti\u00f3n es que a finales de julio me escribi\u00f3 Sergio Parra explic\u00e1ndome los pormenores [&hellip;]<\/p>\n","protected":false},"author":1,"featured_media":0,"comment_status":"open","ping_status":"open","sticky":false,"template":"","format":"standard","meta":{"footnotes":""},"categories":[],"tags":[],"class_list":["post-669","post","type-post","status-publish","format-standard","hentry"],"_links":{"self":[{"href":"http:\/\/www.elenacabrera.com\/weblog3\/wp-json\/wp\/v2\/posts\/669","targetHints":{"allow":["GET"]}}],"collection":[{"href":"http:\/\/www.elenacabrera.com\/weblog3\/wp-json\/wp\/v2\/posts"}],"about":[{"href":"http:\/\/www.elenacabrera.com\/weblog3\/wp-json\/wp\/v2\/types\/post"}],"author":[{"embeddable":true,"href":"http:\/\/www.elenacabrera.com\/weblog3\/wp-json\/wp\/v2\/users\/1"}],"replies":[{"embeddable":true,"href":"http:\/\/www.elenacabrera.com\/weblog3\/wp-json\/wp\/v2\/comments?post=669"}],"version-history":[{"count":0,"href":"http:\/\/www.elenacabrera.com\/weblog3\/wp-json\/wp\/v2\/posts\/669\/revisions"}],"wp:attachment":[{"href":"http:\/\/www.elenacabrera.com\/weblog3\/wp-json\/wp\/v2\/media?parent=669"}],"wp:term":[{"taxonomy":"category","embeddable":true,"href":"http:\/\/www.elenacabrera.com\/weblog3\/wp-json\/wp\/v2\/categories?post=669"},{"taxonomy":"post_tag","embeddable":true,"href":"http:\/\/www.elenacabrera.com\/weblog3\/wp-json\/wp\/v2\/tags?post=669"}],"curies":[{"name":"wp","href":"https:\/\/api.w.org\/{rel}","templated":true}]}}