{"id":673,"date":"2005-12-09T03:35:18","date_gmt":"2005-12-09T01:35:18","guid":{"rendered":""},"modified":"-0001-11-30T00:00:00","modified_gmt":"-0001-11-29T22:00:00","slug":"post_name","status":"publish","type":"post","link":"http:\/\/www.elenacabrera.com\/weblog3\/2005\/12\/09\/post_name\/","title":{"rendered":"Pero mais tarde ou mais cedo, todos rematan acudindo a elaa"},"content":{"rendered":"<p>\tHe paseado observando a los coru\u00f1eses, porque definitivamente tienen <em>algo<\/em>. Siempre me han llamdo la atenci\u00f3n las unidades familiares j\u00f3venes y la cantidad de tiendas de moda para ni\u00f1os que hay en el centro. Hoy me he dado cuenta de que aqu\u00ed pasan las generaciones sin mayor ruptura de la nueva respecto a la anterior que lo que puede rasgar algunas pinceladas culturales. Los padres lo son j\u00f3venes y cuando los hijos alcanzan la adolescencia a\u00fan tienen mucho que compartir con aqu\u00e9llos, as\u00ed que no hay rebeld\u00eda y, por tanto, no hay depresi\u00f3n, no hay acritud, no hay rabia y s\u00ed hay futuro. Eso explicar\u00eda que La Coru\u00f1a sea una ciudad tan poco innovadora, que se acostumbra sin rechistar a un alcalde al que hace tiempo se le cay\u00f3 el socialismo por los agujeros de los bolsillos, que le gusta el cambio tranquilo y aplaca, expulsa y barre los nacionalismos como si fueran cagarrutas que salpican los de fuera, enti\u00e9ndase, los gallegos. No obstante, me gusta esta <a href=\"http:\/\/www.album05.com\/seccions\/cadernosdetormentas\" target=\"blank\">cidade espanto<\/a> que da muy buenos <a href=\"http:\/\/www.culturagalega.org\/bd\/\" target=\"blank\">cartunistas<\/a>, supongo que para compensar la carest\u00eda de buenos m\u00fasicos pop. <center><a href=\"http:\/\/www.flickr.com\/photos\/elenac\/71617609\/\" title=\"Photo Sharing\"><img loading=\"lazy\" decoding=\"async\" src=\"http:\/\/static.flickr.com\/20\/71617609_b34ef21f1d.jpg\" width=\"500\" height=\"375\" alt=\"nicho\" \/><\/a><\/center>\t<\/p>\n","protected":false},"excerpt":{"rendered":"<p>He paseado observando a los coru\u00f1eses, porque definitivamente tienen algo. Siempre me han llamdo la atenci\u00f3n las unidades familiares j\u00f3venes y la cantidad de tiendas de moda para ni\u00f1os que hay en el centro. Hoy me he dado cuenta de que aqu\u00ed pasan las generaciones sin mayor ruptura de la nueva respecto a la anterior [&hellip;]<\/p>\n","protected":false},"author":1,"featured_media":0,"comment_status":"open","ping_status":"open","sticky":false,"template":"","format":"standard","meta":{"footnotes":""},"categories":[],"tags":[],"class_list":["post-673","post","type-post","status-publish","format-standard","hentry"],"_links":{"self":[{"href":"http:\/\/www.elenacabrera.com\/weblog3\/wp-json\/wp\/v2\/posts\/673","targetHints":{"allow":["GET"]}}],"collection":[{"href":"http:\/\/www.elenacabrera.com\/weblog3\/wp-json\/wp\/v2\/posts"}],"about":[{"href":"http:\/\/www.elenacabrera.com\/weblog3\/wp-json\/wp\/v2\/types\/post"}],"author":[{"embeddable":true,"href":"http:\/\/www.elenacabrera.com\/weblog3\/wp-json\/wp\/v2\/users\/1"}],"replies":[{"embeddable":true,"href":"http:\/\/www.elenacabrera.com\/weblog3\/wp-json\/wp\/v2\/comments?post=673"}],"version-history":[{"count":0,"href":"http:\/\/www.elenacabrera.com\/weblog3\/wp-json\/wp\/v2\/posts\/673\/revisions"}],"wp:attachment":[{"href":"http:\/\/www.elenacabrera.com\/weblog3\/wp-json\/wp\/v2\/media?parent=673"}],"wp:term":[{"taxonomy":"category","embeddable":true,"href":"http:\/\/www.elenacabrera.com\/weblog3\/wp-json\/wp\/v2\/categories?post=673"},{"taxonomy":"post_tag","embeddable":true,"href":"http:\/\/www.elenacabrera.com\/weblog3\/wp-json\/wp\/v2\/tags?post=673"}],"curies":[{"name":"wp","href":"https:\/\/api.w.org\/{rel}","templated":true}]}}