{"id":68,"date":"2002-10-09T09:10:32","date_gmt":"2002-10-09T08:10:32","guid":{"rendered":""},"modified":"-0001-11-30T00:00:00","modified_gmt":"-0001-11-29T22:00:00","slug":"post_name","status":"publish","type":"post","link":"http:\/\/www.elenacabrera.com\/weblog3\/2002\/10\/09\/post_name\/","title":{"rendered":"Curso de Est\u00e9tica"},"content":{"rendered":"<p>\tCuando ayer sal\u00ed de la oficina el cielo estaba radiante y el asfalto secaba r\u00e1pido. O-Donnell arriba, pasando por delante de la base del pirul\u00ed, bordeando La Elipa y el cementerio, aproxim\u00e1ndome a Vic\u00e1lvaro y Coslada, perdi\u00e9ndome en el barrio de Las Rosas, me dirijo a ver a la contable de mi hermana que me va a ayudar a clarificar la situaci\u00f3n de desastre administrativo a la que he llevado Autoreverse. Dos horas de revisi\u00f3n de papeles y me doy cuenta de que no era para tanto. El problema sigue siendo de d\u00f3nde sacar el dinero para hacer todo lo que quiero hacer. Un ejemplo: en el GO de este mes viene una doble p\u00e1gina sobre Monika Enterprises, en sello del que vamos a licenciar un recopilatorio compilado por la misma persona que ha escrito ese art\u00edculo. L\u00f3gicamente, habr\u00eda que haber hecho coincidir una cosa con la otra. Pero fijaos, aqu\u00ed estamos, sin haber firmado un contrato, y con el riesgo de que a la m\u00ednima nos roben la idea.Silvia estuvo hace algunos d\u00edas en la liquidaci\u00f3n de SEPU (\u00a1Adios al Sepu!, es muy triste) y estas son algunas de las fotos que hizo18:02 El otro tema del d\u00eda: las supuestas fechas de Morrissey en Espa\u00f1a. Ya todos sabemos que a Morrissey no le gusta Espa\u00f1a y que nos evita una y otra vez (rechazando diferentes veces as\u00edmismo la oferta el FIB) en sus giras, as\u00ed que el rumor que le tra\u00eda el 13 y 14 de diciembre a Barcelona y Madrid ol\u00eda mal. Pero sobre todo era sospechoso que se anunciaran los aforos Liceo y Real, algo imposible sabiendo c\u00f3mo fue la cosa con Bj\u00f6rk en el Teatro Real de Madrid (\u00abaqu\u00ed no entra la m\u00fasica pop ni aunque nos paguen millones\u00bb no dijeron pero casi). Manuel R\u00edos investig\u00f3 hoy en ambos sitios y en el Liceo le dijeron que no sab\u00edan nada, mientras que en el Teatro Real esa fecha estaba ocupada con Carmen. Finalmente, hace un rato, me escribe de nuevo Manuel para decirme que mi \u00abprimo\u00bb \u00d3scar Cabrera es el culpable del rumor, para hacerse unas risas, supongo >:(\t<\/p>\n","protected":false},"excerpt":{"rendered":"<p>Cuando ayer sal\u00ed de la oficina el cielo estaba radiante y el asfalto secaba r\u00e1pido. O-Donnell arriba, pasando por delante de la base del pirul\u00ed, bordeando La Elipa y el cementerio, aproxim\u00e1ndome a Vic\u00e1lvaro y Coslada, perdi\u00e9ndome en el barrio de Las Rosas, me dirijo a ver a la contable de mi hermana que me [&hellip;]<\/p>\n","protected":false},"author":1,"featured_media":0,"comment_status":"open","ping_status":"open","sticky":false,"template":"","format":"standard","meta":{"footnotes":""},"categories":[],"tags":[],"class_list":["post-68","post","type-post","status-publish","format-standard","hentry"],"_links":{"self":[{"href":"http:\/\/www.elenacabrera.com\/weblog3\/wp-json\/wp\/v2\/posts\/68","targetHints":{"allow":["GET"]}}],"collection":[{"href":"http:\/\/www.elenacabrera.com\/weblog3\/wp-json\/wp\/v2\/posts"}],"about":[{"href":"http:\/\/www.elenacabrera.com\/weblog3\/wp-json\/wp\/v2\/types\/post"}],"author":[{"embeddable":true,"href":"http:\/\/www.elenacabrera.com\/weblog3\/wp-json\/wp\/v2\/users\/1"}],"replies":[{"embeddable":true,"href":"http:\/\/www.elenacabrera.com\/weblog3\/wp-json\/wp\/v2\/comments?post=68"}],"version-history":[{"count":0,"href":"http:\/\/www.elenacabrera.com\/weblog3\/wp-json\/wp\/v2\/posts\/68\/revisions"}],"wp:attachment":[{"href":"http:\/\/www.elenacabrera.com\/weblog3\/wp-json\/wp\/v2\/media?parent=68"}],"wp:term":[{"taxonomy":"category","embeddable":true,"href":"http:\/\/www.elenacabrera.com\/weblog3\/wp-json\/wp\/v2\/categories?post=68"},{"taxonomy":"post_tag","embeddable":true,"href":"http:\/\/www.elenacabrera.com\/weblog3\/wp-json\/wp\/v2\/tags?post=68"}],"curies":[{"name":"wp","href":"https:\/\/api.w.org\/{rel}","templated":true}]}}