{"id":704,"date":"2006-03-12T05:11:48","date_gmt":"2006-03-12T03:11:48","guid":{"rendered":""},"modified":"-0001-11-30T00:00:00","modified_gmt":"-0001-11-29T22:00:00","slug":"post_name","status":"publish","type":"post","link":"http:\/\/www.elenacabrera.com\/weblog3\/2006\/03\/12\/post_name\/","title":{"rendered":"Mi boca quiere pronunciar el silencio"},"content":{"rendered":"<p>\tRaro, el mundo de los recuerdos. No dejo de pensar en ello. Un recuerdo es algo que no nos pertenece, a pesar de que luchemos tanto por atesorarlo como propio (la molesta profusi\u00f3n de c\u00e1maras digitales en los conciertos, la org\u00eda de rollos de film, cintas o tarjetas de memoria a la vuelta de las vacaciones, cajas con flyers, post-its salvados de la papelera, viejas agendas de tel\u00e9fono y cuadernos con apuntes nocturnos) es algo que no saabemos d\u00f3nde est\u00e1. \u00bfEn qu\u00e9 lugar del cerebro se ubica? \u00bfC\u00f3mo se recupera ese back-up da\u00f1ado, difuso o torpe? Un recuerdo es un peque\u00f1o dato audiovisual que puede llevar asociado un aroma e incluso la reproducci\u00f3n de un tacto. Al recuerdo se le asocian dos conceptos femeninos: la evocaci\u00f3n y la melancol\u00eda. S\u00e9 que pongo cara melanc\u00f3lica cuando hago el esfuerzo de recordar algo. (Bien es cierto que tengo cara melanc\u00f3lica en muchas otras ocasiones, pero eso es gen\u00e9tica, tristeza cr\u00f3nica o ardor de est\u00f3mago, depende). El poder de evocaci\u00f3n asociado a un recuerdo define la cantidad necesaria de esfuerzo. Cuando algo del pasado se pierde, cuando extrav\u00eda su link con cualquier cosa que consiga evocarlo, o invocarlo, es cuando est\u00e1s perdido. El recuerdo te ha perdido y qui\u00e9n sabe d\u00f3nde va a parar. El libro \u00abIv\u00e1n Zulueta. Imagen Enigma\u00bb, del que ya he hablado por aqu\u00ed, tiene un largo pr\u00f3logo en formato conversaci\u00f3n -decir entrevista ser\u00eda exagerado- interesante, siempre, por Zulueta. En un par de ocasiones comenta (no es literal) \u00abpero para recordar aquello necesitar\u00eda la ayuda de&#8230;\u00bb. Da la impresi\u00f3n de que retoma un trato anterior por el que las dos mujeres con las que conversa en ese texto le sirven para evocar los recuerdos relacionados con sus carteles, que de eso iba la exposici\u00f3n. Yo sola, cuando escribo o cuando quiero recordar, suelo acabar colgada en un stand-by est\u00fapido. Ser espoleada por otro me lleva a lugares en los que siempre he querido estar y lo hace con dosis mucho menores de melancol\u00eda. \u00bfSer\u00e1 entonces que \u00e9sta est\u00e1 m\u00e1s relacionada con el olvido que con el recuerdo? \u00bfM\u00e1s con el miedo que con la nostalgia? <center><img src=-http:\/\/www.elenacabrera.com\/weblog\/wp-content\/hardfi.jpg- alt=-En Hard-Fi- \/><\/center> <i>Ojal\u00e1 fuera m\u00edo el t\u00edtulo del post pero est\u00e1 robado a Federico Moura. La foto es de Manuel durante el concierto de Hard-Fi en Caracol.<\/i>\t<\/p>\n","protected":false},"excerpt":{"rendered":"<p>Raro, el mundo de los recuerdos. No dejo de pensar en ello. Un recuerdo es algo que no nos pertenece, a pesar de que luchemos tanto por atesorarlo como propio (la molesta profusi\u00f3n de c\u00e1maras digitales en los conciertos, la org\u00eda de rollos de film, cintas o tarjetas de memoria a la vuelta de las [&hellip;]<\/p>\n","protected":false},"author":1,"featured_media":0,"comment_status":"open","ping_status":"open","sticky":false,"template":"","format":"standard","meta":{"footnotes":""},"categories":[],"tags":[],"class_list":["post-704","post","type-post","status-publish","format-standard","hentry"],"_links":{"self":[{"href":"http:\/\/www.elenacabrera.com\/weblog3\/wp-json\/wp\/v2\/posts\/704","targetHints":{"allow":["GET"]}}],"collection":[{"href":"http:\/\/www.elenacabrera.com\/weblog3\/wp-json\/wp\/v2\/posts"}],"about":[{"href":"http:\/\/www.elenacabrera.com\/weblog3\/wp-json\/wp\/v2\/types\/post"}],"author":[{"embeddable":true,"href":"http:\/\/www.elenacabrera.com\/weblog3\/wp-json\/wp\/v2\/users\/1"}],"replies":[{"embeddable":true,"href":"http:\/\/www.elenacabrera.com\/weblog3\/wp-json\/wp\/v2\/comments?post=704"}],"version-history":[{"count":0,"href":"http:\/\/www.elenacabrera.com\/weblog3\/wp-json\/wp\/v2\/posts\/704\/revisions"}],"wp:attachment":[{"href":"http:\/\/www.elenacabrera.com\/weblog3\/wp-json\/wp\/v2\/media?parent=704"}],"wp:term":[{"taxonomy":"category","embeddable":true,"href":"http:\/\/www.elenacabrera.com\/weblog3\/wp-json\/wp\/v2\/categories?post=704"},{"taxonomy":"post_tag","embeddable":true,"href":"http:\/\/www.elenacabrera.com\/weblog3\/wp-json\/wp\/v2\/tags?post=704"}],"curies":[{"name":"wp","href":"https:\/\/api.w.org\/{rel}","templated":true}]}}