{"id":71,"date":"2002-10-18T12:10:33","date_gmt":"2002-10-18T11:10:33","guid":{"rendered":""},"modified":"-0001-11-30T00:00:00","modified_gmt":"-0001-11-29T22:00:00","slug":"post_name","status":"publish","type":"post","link":"http:\/\/www.elenacabrera.com\/weblog3\/2002\/10\/18\/post_name\/","title":{"rendered":"Se me duerme el cuerpo"},"content":{"rendered":"<p>\tHe venido a la oficina pero me he dado cuenta de que no me puedo quedar: me duele mucho la cabeza y el cuello y, en consecuencia, se me duermen los brazos y estoy atontada. As\u00ed que, como dice el Croma: \u00abactualiza el weblog y l\u00e1rgate, \u00bfqu\u00e9 m\u00e1s tienes que hacer aqu\u00ed?\u00bb As\u00ed que accedo y veo \u00a126 comentarios a mi \u00faltimo mensaje! Me vuelvo feliz a los b\u00e9jares, con cita en el m\u00e9dico al mediod\u00eda y con la fisioterapeuta de Alcorc\u00f3n el lunes. Este fin de semana supuestamente me iba a Soma\u00e9n a ayudar en la pintura y rehabilitaci\u00f3n de la casa de mi Padrino (que algunos ya conoc\u00e9is)pero no creo que pueda conducir y mucho menos ayudar a mover muebles. Por cierto, ayer me han puesto una multa, para hacer el d\u00eda m\u00e1s farragoso. Y so\u00f1\u00e9 que de mi ojo derecho brotaban l\u00e1grimas que parec\u00edan de cristal o metacrilato blando y se quedaban en el lacrimal hasta que nac\u00eda otra que la sustitu\u00eda y yo la retiraba con la mano. \u00bfM\u00e1s? He temblado al ver a eso que casi se llama Intruso. La invitaci\u00f3n a leer por supuesto inclu\u00eda la de escribir. Me hace feliz. Se te da la bienvenida, aqu\u00ed estar\u00e1s bien. De todo el tiempo que he pasado en el sof\u00e1 de casa estos dos d\u00edas, he podido ver Atraco perfecto, Al final de la escapada y un documental sobre Kubrick gracias al Video-Club Nacho Croma. Estoy muy muy agredicida, y muy feliz. Espero ver hoy Alicia ya no vive aqu\u00ed. Fran, quer\u00eda haberte llamado ayer pero no estaba muy bien, pesperp hacerlo, siento no poder quedarme para ir al Lizarr\u00e1n. Adem\u00e1s de la contractura, Fran tiene raz\u00f3n en lo de Autoreverse. Besos.\t<\/p>\n","protected":false},"excerpt":{"rendered":"<p>He venido a la oficina pero me he dado cuenta de que no me puedo quedar: me duele mucho la cabeza y el cuello y, en consecuencia, se me duermen los brazos y estoy atontada. As\u00ed que, como dice el Croma: \u00abactualiza el weblog y l\u00e1rgate, \u00bfqu\u00e9 m\u00e1s tienes que hacer aqu\u00ed?\u00bb As\u00ed que accedo [&hellip;]<\/p>\n","protected":false},"author":1,"featured_media":0,"comment_status":"open","ping_status":"open","sticky":false,"template":"","format":"standard","meta":{"footnotes":""},"categories":[],"tags":[],"class_list":["post-71","post","type-post","status-publish","format-standard","hentry"],"_links":{"self":[{"href":"http:\/\/www.elenacabrera.com\/weblog3\/wp-json\/wp\/v2\/posts\/71","targetHints":{"allow":["GET"]}}],"collection":[{"href":"http:\/\/www.elenacabrera.com\/weblog3\/wp-json\/wp\/v2\/posts"}],"about":[{"href":"http:\/\/www.elenacabrera.com\/weblog3\/wp-json\/wp\/v2\/types\/post"}],"author":[{"embeddable":true,"href":"http:\/\/www.elenacabrera.com\/weblog3\/wp-json\/wp\/v2\/users\/1"}],"replies":[{"embeddable":true,"href":"http:\/\/www.elenacabrera.com\/weblog3\/wp-json\/wp\/v2\/comments?post=71"}],"version-history":[{"count":0,"href":"http:\/\/www.elenacabrera.com\/weblog3\/wp-json\/wp\/v2\/posts\/71\/revisions"}],"wp:attachment":[{"href":"http:\/\/www.elenacabrera.com\/weblog3\/wp-json\/wp\/v2\/media?parent=71"}],"wp:term":[{"taxonomy":"category","embeddable":true,"href":"http:\/\/www.elenacabrera.com\/weblog3\/wp-json\/wp\/v2\/categories?post=71"},{"taxonomy":"post_tag","embeddable":true,"href":"http:\/\/www.elenacabrera.com\/weblog3\/wp-json\/wp\/v2\/tags?post=71"}],"curies":[{"name":"wp","href":"https:\/\/api.w.org\/{rel}","templated":true}]}}