{"id":730,"date":"2006-06-29T02:56:56","date_gmt":"2006-06-29T00:56:56","guid":{"rendered":""},"modified":"2019-05-23T03:07:07","modified_gmt":"2019-05-23T01:07:07","slug":"no-estas-solo","status":"publish","type":"post","link":"http:\/\/www.elenacabrera.com\/weblog3\/2006\/06\/29\/no-estas-solo\/","title":{"rendered":"No est\u00e1s solo, est\u00e1s contigo"},"content":{"rendered":"<p>Supongo que s\u00ed, que alg\u00fan d\u00eda este log volver\u00e1 a tener imagen y me gustar\u00e1 tanto que escribir\u00e9 posts tontos s\u00f3lo para arrastraros, vosotros usuarios \u00fanicos, a esta p\u00e1gina y lucirla, como quien invita al t\u00e9 a sus amistades para presumir de casa bonita. No dejan de suceder cosas y de golpe ya no soy cronista de ninguna. Como si no me interesaran los nuevos <a href=\"http:\/\/www.apple.com\/es\/macbook\/macbook.html\" target=\"blank\" rel=\"noopener noreferrer\">MacBooks<\/a>, ya no fuera a <a href=\"http:\/\/www.flickr.com\/photos\/elenac\/sets\/310487\/\" target=\"blank\" rel=\"noopener noreferrer\">conciertos<\/a>, no saliera por la noche <a href=\"http:\/\/www.flickr.com\/photos\/ideaelica\/149250161\/\" target=\"blank\" rel=\"noopener noreferrer\">(ni me encontrase a mis amigos armados con objetivos)<\/a>. Fui a ver a <a href=\"http:\/\/www.flickr.com\/photos\/elenac\/155820079\/\" target=\"blank\" rel=\"noopener noreferrer\">Current 93<\/a> en Barcelona y si tuvi\u00e9ramos que medir la importancia de los conciertos por las l\u00edneas dedicadas \u00e9ste tendr\u00eda menos trascendencia que la Orquesta Yakarta en las Fiestas de Canillejas. En cambio, entr\u00f3 directo a alguna posici\u00f3n indeterminada (me llevar\u00eda tiempo reordenar el chart) de mi Top 10 de Esos Grandes Conciertos de Mi Vida. Tambi\u00e9n fui a ver a Nitzer Ebb el 9 de junio y no les fue dif\u00edcil pegar un par de codazos para hacerse un hueco en esa lista tan elitista.<\/p>\n<p><center><a href=\"http:\/\/www.flickr.com\/photos\/dgeral\/164431997\/\" target=\"blank\" rel=\"noopener noreferrer\"><img decoding=\"async\" src=\"http:\/\/static.flickr.com\/61\/164431997_fd6e4beb5b.jpg\"><\/a> Foto es de dgeral encontrada en Flickr.<\/center> Y mis codazos para llegar a primera fila tampoco fueron excesivos. Fue bastante sencillo. Para este tipo de avances es conveniente ser bajita pero, a\u00fan as\u00ed, si el grupo en cuesti\u00f3n no genera fans hist\u00e9ricos, he notado que hay cierto respeto por las primeras filas. Por ejemplo, llegar a la primera l\u00ednea de Esplendor Geom\u00e9trico (el viernes 23 de junio dentro del <a href=\"http:\/\/www.decibelio.org\" target=\"blank\" rel=\"noopener noreferrer\">Decibelio<\/a>; lo siento, no hay fotos), aunque fuera en el costado fue pan comido. A los conciertos se va a ver conciertos, no a ligar, charlar, fumar o cotorrear. Por eso mi posici\u00f3n favorita sigue siendo esa: yo delante, pegadita al grupo. Le contaba a Javi Weas el otro d\u00eda, hablando de un tema similar, que en el concierto de Solo Los Solo del <a href=\"http:\/\/www.mtv.es\/mtv.es\/conciertos\/article.jhtml?id=80134256\" target=\"blank\" rel=\"noopener noreferrer\">MetroRock (link a mi cr\u00f3nica)<\/a> se me acerc\u00f3 un tipo que estaba, como yo, en una abismal primera fila a dos metros del escenario. a pesar de que me dijo \u00abno te estoy entrando \u00bfeh?\u00bb, s\u00ed que lo hac\u00eda cuando su segunda pregunta, despu\u00e9s de \u00abno te gustan nada \u00bfverdad?\u00bb fue \u00ab\u00bferes de Madrid?\u00bb. Como los monos\u00edlabos no ten\u00edan el suficiente poder de persuasi\u00f3n me gir\u00e9 y le expliqu\u00e9: \u00abMira, un concierto es como un cine, si no te guta le pel\u00edcula te largas\u00bb. A lo que el chaval contest\u00f3, una vez m\u00e1s con una pregunta: \u00ab\u00bfNo te molo nada, verdad?\u00bb. Puse mi cara de perro y se fue a buscar otra presa. <center><a href=\"http:\/\/www.flickr.com\/photos\/elenac\/173885219\/\" title=\"Photo Sharing\"><img loading=\"lazy\" decoding=\"async\" src=\"http:\/\/static.flickr.com\/67\/173885219_0a0d699016.jpg\" alt=\"Primera fila Macaco, MetroRock\" width=\"500\" height=\"375\"><\/a><\/center> En fin. Este era un de esos post que se hab\u00edan quedado a medias. No es que lo haya exprimido mucho, pero al menos asoma la colita. Despu\u00e9s de varias horas cocinando, limpiando la casa, hablando por tel\u00e9fono y mir\u00e1ndome con preocupaci\u00f3n una barriga excepcionalmente hinchada, es demasiado para las tres menos diez de la noche. Hoy no dormir\u00e9 mucho. Y ma\u00f1ana tampoco, probablemente. Ma\u00f1ana jueves pincha Aldo (Linares) en el <a href=\"http:\/\/www.transmissionclub.com\/\" target=\"blank\" rel=\"noopener noreferrer\">Transmission<\/a> y el viernes lo hace en Barbarella. Adem\u00e1s, ma\u00f1ana es la segunda fiesta <a href=\"http:\/\/www.machines-desirantes.net\/indexmaranavu.html\" target=\"blank\" rel=\"noopener noreferrer\">Vu\u00e9lvete Underground<\/a> de las <a href=\"www.machines-desirantes.net\" target=\"blank\" rel=\"noopener noreferrer\">Machines D\u00e9siderantes<\/a> que esta vez espero no perderme. <center><img decoding=\"async\" src=\"http:\/\/www.machines-desirantes.net\/jpg\/sesionhelene_web\/h13.jpg\"><\/center> Un bon voyage a Manuel, \u00d3scar y Chuso que se van a Par\u00eds, Francia. Alg\u00fan d\u00eda yo tambi\u00e9n viajar\u00e9 hasta all\u00ed, por primera vez, en calesa y, quiz\u00e1s, del brazo de un lord. Mientras, se siguen confirmando grupos para Paredes de Coura, Portugal, donde s\u00ed que ir\u00e9. Lo \u00faltimo es Gang Of Four (adem\u00e1s de Bauhaus, Morrissey, Yeah Yeah Yeahs, !!!&#8230;). Oh Yeah! Yeah! Yeah! Una vez m\u00e1s y ante mi falta de imaginaci\u00f3n en el momento \u00abpon un title aqui, Elena\u00bb, le robo el asunto a D\u00e9cima V\u00edctima.<\/p>\n","protected":false},"excerpt":{"rendered":"<p>Supongo que s\u00ed, que alg\u00fan d\u00eda este log volver\u00e1 a tener imagen y me gustar\u00e1 tanto que escribir\u00e9 posts tontos s\u00f3lo para arrastraros, vosotros usuarios \u00fanicos, a esta p\u00e1gina y lucirla, como quien invita al t\u00e9 a sus amistades para presumir de casa bonita. No dejan de suceder cosas y de golpe ya no soy [&hellip;]<\/p>\n","protected":false},"author":1,"featured_media":0,"comment_status":"open","ping_status":"open","sticky":false,"template":"","format":"standard","meta":{"footnotes":""},"categories":[],"tags":[],"class_list":["post-730","post","type-post","status-publish","format-standard","hentry"],"_links":{"self":[{"href":"http:\/\/www.elenacabrera.com\/weblog3\/wp-json\/wp\/v2\/posts\/730","targetHints":{"allow":["GET"]}}],"collection":[{"href":"http:\/\/www.elenacabrera.com\/weblog3\/wp-json\/wp\/v2\/posts"}],"about":[{"href":"http:\/\/www.elenacabrera.com\/weblog3\/wp-json\/wp\/v2\/types\/post"}],"author":[{"embeddable":true,"href":"http:\/\/www.elenacabrera.com\/weblog3\/wp-json\/wp\/v2\/users\/1"}],"replies":[{"embeddable":true,"href":"http:\/\/www.elenacabrera.com\/weblog3\/wp-json\/wp\/v2\/comments?post=730"}],"version-history":[{"count":1,"href":"http:\/\/www.elenacabrera.com\/weblog3\/wp-json\/wp\/v2\/posts\/730\/revisions"}],"predecessor-version":[{"id":2002002598,"href":"http:\/\/www.elenacabrera.com\/weblog3\/wp-json\/wp\/v2\/posts\/730\/revisions\/2002002598"}],"wp:attachment":[{"href":"http:\/\/www.elenacabrera.com\/weblog3\/wp-json\/wp\/v2\/media?parent=730"}],"wp:term":[{"taxonomy":"category","embeddable":true,"href":"http:\/\/www.elenacabrera.com\/weblog3\/wp-json\/wp\/v2\/categories?post=730"},{"taxonomy":"post_tag","embeddable":true,"href":"http:\/\/www.elenacabrera.com\/weblog3\/wp-json\/wp\/v2\/tags?post=730"}],"curies":[{"name":"wp","href":"https:\/\/api.w.org\/{rel}","templated":true}]}}