{"id":758,"date":"2006-07-20T03:10:32","date_gmt":"2006-07-20T01:10:32","guid":{"rendered":""},"modified":"2019-05-23T03:08:03","modified_gmt":"2019-05-23T01:08:03","slug":"alla-vamos","status":"publish","type":"post","link":"http:\/\/www.elenacabrera.com\/weblog3\/2006\/07\/20\/alla-vamos\/","title":{"rendered":"All\u00e1 vamos"},"content":{"rendered":"<p>Siempre igual: la v\u00edspera del viaje jam\u00e1s consigo acostarme pronto. Hoy dormir\u00e9 muy poco as\u00ed que espero que mis amables compa\u00f1eros de viaje me dejen dormir en el coche alguna hora. Ojal\u00e1 no sea todo muy precipitado al llegar a Benic\u00e0ssim, que pueda aclimatarme, ir haci\u00e9ndome a la idea de c\u00f3mo ser\u00e1 mi trabajo all\u00ed, pensar en la entrevista que haremos a Scissor Sisters, ser PLENAMENTE consciente de que voy a ver en un mismo fin de semana a Morrissey y Depeche Mode. \u00a1Un momento! A ver, p\u00e1rate a pensarlo&#8230; \u00a1TENGO QUE ESTAR SO\u00d1ANDO! Va a ser incre\u00edble y tengo que concentrarme en no desperdiciarlo. Como siempre, por aqu\u00ed me ir\u00e9 desahogando. Y que los que quieran ver nuestro trabajo d\u00eda a d\u00eda, pinchen <a href=\"http:\/\/www.mtv.es\/fib\">aqu\u00ed<\/a>.<\/p>\n<p>Sigo con los homenajes. Este es, de hecho, un meta homenaje. Los Lollipops, benditos ellos (mon amour Lollipop!) hicieron su propia portada del Fiber 0, con Yves y Sandrine como protagonistas. \u00a1S\u00f3lo falt\u00f3 Florance! Me emocion\u00e9 mucho.<\/p>\n","protected":false},"excerpt":{"rendered":"<p>Siempre igual: la v\u00edspera del viaje jam\u00e1s consigo acostarme pronto. Hoy dormir\u00e9 muy poco as\u00ed que espero que mis amables compa\u00f1eros de viaje me dejen dormir en el coche alguna hora. Ojal\u00e1 no sea todo muy precipitado al llegar a Benic\u00e0ssim, que pueda aclimatarme, ir haci\u00e9ndome a la idea de c\u00f3mo ser\u00e1 mi trabajo all\u00ed, [&hellip;]<\/p>\n","protected":false},"author":1,"featured_media":0,"comment_status":"open","ping_status":"open","sticky":false,"template":"","format":"standard","meta":{"footnotes":""},"categories":[],"tags":[4],"class_list":["post-758","post","type-post","status-publish","format-standard","hentry","tag-musica"],"_links":{"self":[{"href":"http:\/\/www.elenacabrera.com\/weblog3\/wp-json\/wp\/v2\/posts\/758","targetHints":{"allow":["GET"]}}],"collection":[{"href":"http:\/\/www.elenacabrera.com\/weblog3\/wp-json\/wp\/v2\/posts"}],"about":[{"href":"http:\/\/www.elenacabrera.com\/weblog3\/wp-json\/wp\/v2\/types\/post"}],"author":[{"embeddable":true,"href":"http:\/\/www.elenacabrera.com\/weblog3\/wp-json\/wp\/v2\/users\/1"}],"replies":[{"embeddable":true,"href":"http:\/\/www.elenacabrera.com\/weblog3\/wp-json\/wp\/v2\/comments?post=758"}],"version-history":[{"count":1,"href":"http:\/\/www.elenacabrera.com\/weblog3\/wp-json\/wp\/v2\/posts\/758\/revisions"}],"predecessor-version":[{"id":2002002599,"href":"http:\/\/www.elenacabrera.com\/weblog3\/wp-json\/wp\/v2\/posts\/758\/revisions\/2002002599"}],"wp:attachment":[{"href":"http:\/\/www.elenacabrera.com\/weblog3\/wp-json\/wp\/v2\/media?parent=758"}],"wp:term":[{"taxonomy":"category","embeddable":true,"href":"http:\/\/www.elenacabrera.com\/weblog3\/wp-json\/wp\/v2\/categories?post=758"},{"taxonomy":"post_tag","embeddable":true,"href":"http:\/\/www.elenacabrera.com\/weblog3\/wp-json\/wp\/v2\/tags?post=758"}],"curies":[{"name":"wp","href":"https:\/\/api.w.org\/{rel}","templated":true}]}}