{"id":764,"date":"2006-07-28T00:22:14","date_gmt":"2006-07-27T22:22:14","guid":{"rendered":""},"modified":"2019-05-23T03:10:58","modified_gmt":"2019-05-23T01:10:58","slug":"a-trip-around-the-world","status":"publish","type":"post","link":"http:\/\/www.elenacabrera.com\/weblog3\/2006\/07\/28\/a-trip-around-the-world\/","title":{"rendered":"A trip around the world and back"},"content":{"rendered":"<p>No, no me he recuperado a\u00fan y, de hecho, parece que me empe\u00f1o en alargar esta agon\u00eda de cansancio&#8230; quiz\u00e1s el fin de semana habr\u00e1 tiempo de recuperarse. Estos d\u00edan son de recapitulaci\u00f3n de lo vivido y reenfoque del futuro pr\u00f3ximo en otros objetivos, igual de ilusionantes, ahora que una nueva edici\u00f3n del FIB ya es algo viejo. La muerte del decimosegundo FIB pesa menos desde fuera que desde dentro de la maquinaria, donde el degaste es mayor. Me ha gustado poder escribir all\u00ed, recuperar el trabajo amanuense y entrar en faena, hacer muchas entrevistas, cubrir conciertos, pedir setlist, hundir la cabeza en el iBook para escribir una cr\u00f3nica&#8230; de hecho, ojal\u00e1 lo hubiera disfrutado m\u00e1s&#8230; pero estaba demasiado tensa. Entend\u00eda mejor a los reporteros del Fiber que repet\u00edan a\u00f1o a a\u00f1o a pesar de mis neuras y presiones. Claro que echaba de menos el peri\u00f3dico, c\u00f3mo no, pero lleg\u00f3 un momento del festival en el que me enfad\u00e9 conmigo misma plant\u00e1ndome cara de la manera m\u00e1s insolente que fui capaz: me abofete\u00e9 la cara en el ba\u00f1o y dije \u00ab\u00a1basta ya!, vete ah\u00ed fuera a disfrutar y a aprender\u00bb.<\/p>\n<p><center><a href=\"http:\/\/www.flickr.com\/photos\/elenac\/199065889\/\" title=\"Photo Sharing\"><img loading=\"lazy\" decoding=\"async\" src=\"http:\/\/static.flickr.com\/66\/199065889_de710c4bd4.jpg\" alt=\"Oscar Wi\" width=\"500\" height=\"375\"><\/a><\/center> Cu\u00e1ntas veces lo he dicho aqu\u00ed&#8230; adoro la televisi\u00f3n. Mi pen\u00faltimo impulso rom\u00e1ntico me llev\u00f3 a estudiar periodismo porque quer\u00eda ser como <a href=\"http:\/\/www.alohacriticon.com\/elcriticon\/article283.html\" target=\"blank\" rel=\"noopener noreferrer\">Rosalind Russell<\/a> en <a href=\"http:\/\/www.alohacriticon.com\/elcriticon\/article848.html\" target=\"blank\" rel=\"noopener noreferrer\">Luna Nueva<\/a> pero antes que el delicioso olor de la tinta estaba mi peque\u00f1o televisor blanco y negro marca Sears que con tres a\u00f1os ya sab\u00eda sintonizar el UHF y el VHF. De los 3 a los 30 hemos pasado del televisor comprado en el Sears de la calle Serrano a trabajar en una televisi\u00f3n a pocos metros en esa misma calle. Pero no s\u00e9 apenas nada de este medio, todo lo he aprendido por admiraci\u00f3n, y es bastante poco. Tendriais que ver que feliz estoy desde que ayer me instalaron Imagenio (dejo para otro momento la narraci\u00f3n de las complicaciones, reclamaciones y el boquete que me han hecho en la pared) y puedo volver a ver todos los canales perdidos. Van dos tardes que no salgo de MTV2, que es una maravilla. Ojal\u00e1 alg\u00fan d\u00eda se haga algo as\u00ed en Espa\u00f1a y yo pueda trabajar ah\u00ed. En Benic\u00e0ssim hab\u00eda un equipo de MTV2 UK que guardaban sus cosas en nuestro set de MTV Espa\u00f1a y&#8230; bueno&#8230; era como esar a dieta y pararte delante del escaparate de una confiter\u00eda. Pero tambi\u00e9n me parec\u00eda genial lo que hac\u00edan Mariano y Kike con yo Soy Fiber, el reality que han estado grabando durante el FIB con dos concursantes que seleccionamos atrav\u00e9s la web. Como ese slogan de MTV2, que me encanta: <i>Like music tv but much better<\/i>. Tengo la sensaci\u00f3n de que hoy no voy a hablar de los conciertos, que dar\u00e9 vueltas y vueltas al backstage y no me asomar\u00e9 al escenario. Este fin de semana tuve encuentros fascinantes e inesperados. Como el abordaje enfrente de la pantalla de leds que me hizo Jose y su novia Ana, lector de mi weblog a quien no conoc\u00eda y me hizo un regalo impresionante: un trozo de la camisa azul de Morrissey; una reliquia sagrada llegada a mis manos de una manera especial. Es realmente genial: muchas gracias Jose, no s\u00f3lo por ese pedazo de tela tan simb\u00f3lico sino por todo, por tener el hilo y cruzar el puente. El otro gran encontronazo sucedi\u00f3 con Dami\u00e1n, once a\u00f1os despu\u00e9s, detr\u00e1s del Escenario Verde. Ten\u00eda que ser as\u00ed, tan cerca de Morrissey. Los malditos c\u00edrculos se cierran, se cierran, se cierran. Como para no creer en la magia.<\/p>\n","protected":false},"excerpt":{"rendered":"<p>No, no me he recuperado a\u00fan y, de hecho, parece que me empe\u00f1o en alargar esta agon\u00eda de cansancio&#8230; quiz\u00e1s el fin de semana habr\u00e1 tiempo de recuperarse. Estos d\u00edan son de recapitulaci\u00f3n de lo vivido y reenfoque del futuro pr\u00f3ximo en otros objetivos, igual de ilusionantes, ahora que una nueva edici\u00f3n del FIB ya [&hellip;]<\/p>\n","protected":false},"author":1,"featured_media":0,"comment_status":"open","ping_status":"open","sticky":false,"template":"","format":"standard","meta":{"footnotes":""},"categories":[],"tags":[],"class_list":["post-764","post","type-post","status-publish","format-standard","hentry"],"_links":{"self":[{"href":"http:\/\/www.elenacabrera.com\/weblog3\/wp-json\/wp\/v2\/posts\/764","targetHints":{"allow":["GET"]}}],"collection":[{"href":"http:\/\/www.elenacabrera.com\/weblog3\/wp-json\/wp\/v2\/posts"}],"about":[{"href":"http:\/\/www.elenacabrera.com\/weblog3\/wp-json\/wp\/v2\/types\/post"}],"author":[{"embeddable":true,"href":"http:\/\/www.elenacabrera.com\/weblog3\/wp-json\/wp\/v2\/users\/1"}],"replies":[{"embeddable":true,"href":"http:\/\/www.elenacabrera.com\/weblog3\/wp-json\/wp\/v2\/comments?post=764"}],"version-history":[{"count":1,"href":"http:\/\/www.elenacabrera.com\/weblog3\/wp-json\/wp\/v2\/posts\/764\/revisions"}],"predecessor-version":[{"id":2002002602,"href":"http:\/\/www.elenacabrera.com\/weblog3\/wp-json\/wp\/v2\/posts\/764\/revisions\/2002002602"}],"wp:attachment":[{"href":"http:\/\/www.elenacabrera.com\/weblog3\/wp-json\/wp\/v2\/media?parent=764"}],"wp:term":[{"taxonomy":"category","embeddable":true,"href":"http:\/\/www.elenacabrera.com\/weblog3\/wp-json\/wp\/v2\/categories?post=764"},{"taxonomy":"post_tag","embeddable":true,"href":"http:\/\/www.elenacabrera.com\/weblog3\/wp-json\/wp\/v2\/tags?post=764"}],"curies":[{"name":"wp","href":"https:\/\/api.w.org\/{rel}","templated":true}]}}