{"id":769,"date":"2006-08-09T01:03:11","date_gmt":"2006-08-08T23:03:11","guid":{"rendered":""},"modified":"-0001-11-30T00:00:00","modified_gmt":"-0001-11-29T22:00:00","slug":"post_name","status":"publish","type":"post","link":"http:\/\/www.elenacabrera.com\/weblog3\/2006\/08\/09\/post_name\/","title":{"rendered":"Al fin, la entrevista a Babas\u00f3nicos"},"content":{"rendered":"<p>\tAprovechando que Babas\u00f3nicos regresa a Espa\u00f1a para una segunda vuelta y tourn\u00e9 por provincias, he publicado <a href=\"http:\/\/www.mtv.es\/mtv.es\/artistas\/entrevistaArticle.jhtml;?id=80135704\" target=\"blank\">la entrevista<\/a> que se me qued\u00f3 colgada cuando tocaron en Madrid. <center><a href=\"http:\/\/www.flickr.com\/photos\/elenac\/110275462\/\" title=\"Photo Sharing\"><img loading=\"lazy\" decoding=\"async\" src=\"http:\/\/static.flickr.com\/35\/110275462_8acd8edf4f.jpg\" width=\"375\" height=\"500\" alt=\"Adri\u00e1n Dargalos\" \/><\/a><\/center>\t<\/p>\n","protected":false},"excerpt":{"rendered":"<p>Aprovechando que Babas\u00f3nicos regresa a Espa\u00f1a para una segunda vuelta y tourn\u00e9 por provincias, he publicado la entrevista que se me qued\u00f3 colgada cuando tocaron en Madrid.<\/p>\n","protected":false},"author":1,"featured_media":0,"comment_status":"open","ping_status":"open","sticky":false,"template":"","format":"standard","meta":{"footnotes":""},"categories":[],"tags":[],"class_list":["post-769","post","type-post","status-publish","format-standard","hentry"],"_links":{"self":[{"href":"http:\/\/www.elenacabrera.com\/weblog3\/wp-json\/wp\/v2\/posts\/769","targetHints":{"allow":["GET"]}}],"collection":[{"href":"http:\/\/www.elenacabrera.com\/weblog3\/wp-json\/wp\/v2\/posts"}],"about":[{"href":"http:\/\/www.elenacabrera.com\/weblog3\/wp-json\/wp\/v2\/types\/post"}],"author":[{"embeddable":true,"href":"http:\/\/www.elenacabrera.com\/weblog3\/wp-json\/wp\/v2\/users\/1"}],"replies":[{"embeddable":true,"href":"http:\/\/www.elenacabrera.com\/weblog3\/wp-json\/wp\/v2\/comments?post=769"}],"version-history":[{"count":0,"href":"http:\/\/www.elenacabrera.com\/weblog3\/wp-json\/wp\/v2\/posts\/769\/revisions"}],"wp:attachment":[{"href":"http:\/\/www.elenacabrera.com\/weblog3\/wp-json\/wp\/v2\/media?parent=769"}],"wp:term":[{"taxonomy":"category","embeddable":true,"href":"http:\/\/www.elenacabrera.com\/weblog3\/wp-json\/wp\/v2\/categories?post=769"},{"taxonomy":"post_tag","embeddable":true,"href":"http:\/\/www.elenacabrera.com\/weblog3\/wp-json\/wp\/v2\/tags?post=769"}],"curies":[{"name":"wp","href":"https:\/\/api.w.org\/{rel}","templated":true}]}}