{"id":784,"date":"2006-09-17T23:08:23","date_gmt":"2006-09-17T21:08:23","guid":{"rendered":""},"modified":"-0001-11-30T00:00:00","modified_gmt":"-0001-11-29T22:00:00","slug":"post_name","status":"publish","type":"post","link":"http:\/\/www.elenacabrera.com\/weblog3\/2006\/09\/17\/post_name\/","title":{"rendered":"Estira lo que puedas"},"content":{"rendered":"<p>\tBueno. All\u00e1 va un post de cr\u00f3nica social. Ayer se inaugur\u00f3 oficialmente la nueva temporada 2006-2007 de entertainment madrile\u00f1o con un pu\u00f1ado de actos simult\u00e1neos (como tiene que ser en Madrid: jodi\u00e9ndose los unos a los otros) que obligaron a salir de casa a absolutamente Todo El Mundo. Me encanta que la gente salga. Ver caras conocidas. Comprobar qui\u00e9n no tira la toalla. Ayer Nasti celebraba su aniversario y me hubiera gustado ir ya que tocaban Beef y, s\u00ed, me perd\u00ed el pasado concierto en El Sol del que todo el mundo habla por puro despiste. Pero no sab\u00eda a qu\u00e9 hora ser\u00eda su concierto y Mariano Amiune, uno de los productores de MTV, nos hab\u00eda invitado a una fiesta en su casa que probablemente le habr\u00e1 causado la enemistad eterna con sus vecinos. Dos de los protagonistas del spot de mtv.es, famosos desde ya pues ha empezado a emitirse este s\u00e1bado en MTV, se dejaron caer conmigo porque el \u00e1tico que fuera, de hecho, escenario de la grabaci\u00f3n del anuncio. Y all\u00ed est\u00e1bamos, el Carlinos, el Saski y la blogger que os escribe, abri\u00e9ndose paso en la fiesta de piso m\u00e1s petada en la que he estado nunca. Kike Nimo poniendo discos, medio staf de <a href=\"http:\/\/www.mtv.es\" target=\"blank\">MTV<\/a>, nuestro encantador VJ Maldo y amigos de amigos de amigos con muchas ganas de fiesta. <a href=\"http:\/\/www.flickr.com\/photos\/elenac\/245683126\/\" title=\"Photo Sharing\"><img loading=\"lazy\" decoding=\"async\" src=\"http:\/\/static.flickr.com\/89\/245683126_8e443f0368.jpg\" width=\"500\" height=\"375\" alt=\"Inauguraci\u00f3n El\u00e1stico\" \/><\/a> De all\u00ed arrastr\u00e9 a los chicos a la inauguraci\u00f3n de <a href=\"http:\/\/www.tripfamily.com\/elastico\/flyer.jpg\" target=\"blank\">El\u00e1stico<\/a>, el nuevo club de <a href=\"http:\/\/www.tripfamily.com\">Trip Family<\/a> en la sala Wind de Plaza del Carmen. El sitio es amplio y no hace ni fr\u00edo ni calor, hay muchas barras, escenario, pista de baile y buena circulaci\u00f3n del aire. Tiene una segunda sala peque\u00f1ita donde se pincha indie y post-punk. La decoraci\u00f3n es fea (al entrar me acord\u00e9 del Coppelia) y no v\u00ed el concierto de The Chalets as\u00ed que no s\u00e9 qu\u00e9 tal sonor\u00e1. La m\u00fasica bien cuando pincha Smart, los dem\u00e1s dj-s no me gustan. En cualquier caso, mucho mejor que el Ocho y Medio en selecci\u00f3n musical. Pero el precio de puerta es 12 euros y eso s\u00ed me parece una barbaridad. A pesar de que hay tanto que decir sobre el sitio, la pregunta que m\u00e1s me hicieron anoche fue: \u00bfDaban botell\u00f3n? Por que el veneno que venden en Dark Hole \/ Ocho y Medio es un asesinato, un magnicio a gran escala indie-g\u00f3tica. Pero no quise averiguarlo, prefiero, como en la sala Flamingo, agarrarme a la botella de cerveza aunque no me pegue con el vestuario. All\u00ed no par\u00e9 de encontrarme con amigos y conocidos, en un imparable acto de reentr\u00e9 del oto\u00f1o que me puso de muy buen humor: Fernando (Flow\/Eureka), Maxi (<a href=\"http:\/\/www.musicnon-stop.com\">Music Non-Stop<\/a>) y <a href=\"http:\/\/www.nadadora.com\/\" target=\"blank\">Sara (Nadadora), Mamen y Javi (Poperro! Deseadle suerte en sus primeros pasitos en el MondoSonoro), Mariano (Luke), Jaume Rodr\u00edguez, habituales del <\/a><a href=\"http:\/\/www.transmissionclub.com\/\" target=\"blank\">Transmission<\/a>&#8230; y mucha m\u00e1s gente con la que no pude pararme a saludar o comentar. De los que faltaron por all\u00ed me lleg\u00f3 reporte de que andaban en el Nasti o en la fiesta que se hac\u00eda en <a href=\"http:\/\/www.siroco.es\/\" target=\"blank\">Siroco<\/a> (tocaban <a href=\"http:\/\/www.myspace.com\/grabbatize\" target=\"blank\">Grabba Grabba Tape!<\/a> (Maldici\u00f3n!!)). Lo cierto es que me encanta ir a las inauguraciones de los sitios porque hay una tensi\u00f3n de emoci\u00f3n contenida, de estreno de zapatos nuevos, nervios y ganas de que aquello triunfe. Aunque si hay ganas de algo en esta ciudad es de divertirse, emborracharse (colas en las barras), meterse (colas en la puerta, colas en los ba\u00f1os) y ligarse (\u00a1ayer hab\u00eda verdadera desesperaci\u00f3n!). <a href=\"http:\/\/www.flickr.com\/photos\/elenac\/245771591\/\" title=\"Photo Sharing\"><img loading=\"lazy\" decoding=\"async\" src=\"http:\/\/static.flickr.com\/95\/245771591_26eb04f6d7.jpg\" width=\"500\" height=\"375\" alt=\"Smart en El\u00e1stico\" \/><\/a> Acab\u00e9 la noche, como manda la tradici\u00f3n de un buen s\u00e1bado completo, desayunando en el Eboli el primer trozo de esa riqu\u00edsima tortilla de patata que empezaron para m\u00ed. Hablando con <a href=\"http:\/\/www.ccapitalia.net\/radar\/actividades\/index.htm?frame=http%3A\/\/www.ccapitalia.net\/radar\/actividades\/vadim\/vadim.htm\" target=\"blank\">Javi Vadim Tudor<\/a> de lo que hab\u00edamos visto, hecho y o\u00eddo en nuestras noches respectivas y, como maravilloso colof\u00f3n, viendo el final de la carrera Moto GP de Australia en la tele del bar con el chico m\u00e1s sexy del planeta, que vino a recogerme en su corcel para llevarme hasta el infinito y m\u00e1s all\u00e1.\t<\/p>\n","protected":false},"excerpt":{"rendered":"<p>Bueno. All\u00e1 va un post de cr\u00f3nica social. Ayer se inaugur\u00f3 oficialmente la nueva temporada 2006-2007 de entertainment madrile\u00f1o con un pu\u00f1ado de actos simult\u00e1neos (como tiene que ser en Madrid: jodi\u00e9ndose los unos a los otros) que obligaron a salir de casa a absolutamente Todo El Mundo. Me encanta que la gente salga. Ver [&hellip;]<\/p>\n","protected":false},"author":1,"featured_media":0,"comment_status":"open","ping_status":"open","sticky":false,"template":"","format":"standard","meta":{"footnotes":""},"categories":[],"tags":[],"class_list":["post-784","post","type-post","status-publish","format-standard","hentry"],"_links":{"self":[{"href":"http:\/\/www.elenacabrera.com\/weblog3\/wp-json\/wp\/v2\/posts\/784","targetHints":{"allow":["GET"]}}],"collection":[{"href":"http:\/\/www.elenacabrera.com\/weblog3\/wp-json\/wp\/v2\/posts"}],"about":[{"href":"http:\/\/www.elenacabrera.com\/weblog3\/wp-json\/wp\/v2\/types\/post"}],"author":[{"embeddable":true,"href":"http:\/\/www.elenacabrera.com\/weblog3\/wp-json\/wp\/v2\/users\/1"}],"replies":[{"embeddable":true,"href":"http:\/\/www.elenacabrera.com\/weblog3\/wp-json\/wp\/v2\/comments?post=784"}],"version-history":[{"count":0,"href":"http:\/\/www.elenacabrera.com\/weblog3\/wp-json\/wp\/v2\/posts\/784\/revisions"}],"wp:attachment":[{"href":"http:\/\/www.elenacabrera.com\/weblog3\/wp-json\/wp\/v2\/media?parent=784"}],"wp:term":[{"taxonomy":"category","embeddable":true,"href":"http:\/\/www.elenacabrera.com\/weblog3\/wp-json\/wp\/v2\/categories?post=784"},{"taxonomy":"post_tag","embeddable":true,"href":"http:\/\/www.elenacabrera.com\/weblog3\/wp-json\/wp\/v2\/tags?post=784"}],"curies":[{"name":"wp","href":"https:\/\/api.w.org\/{rel}","templated":true}]}}