{"id":790,"date":"2006-09-24T13:44:16","date_gmt":"2006-09-24T11:44:16","guid":{"rendered":""},"modified":"2019-05-25T20:02:58","modified_gmt":"2019-05-25T18:02:58","slug":"la-noche-en-negro","status":"publish","type":"post","link":"http:\/\/www.elenacabrera.com\/weblog3\/2006\/09\/24\/la-noche-en-negro\/","title":{"rendered":"La noche en negro"},"content":{"rendered":"<p>\tAyer el ayuntamiento promov\u00eda <a href=\"http:\/\/www.esmadrid.com\/lanocheenblanco\/jsp\/index.jsp\" target=\"blank\" rel=\"noopener noreferrer\">La Noche en Blanco<\/a> y no le prest\u00e9 ninguna atenci\u00f3n porque este tipo de acontecimientos me dan grima: como las Noches Viejas, las Noches de Boda y la Noche Antes del Examen. Por supuesto que es exccelente que haya movimiento (al igual que no le voy a quitar a la novia su Noche Santa) pero es lo que dice sobre todas estas actividades Ruth Toledano hoy en El Pa\u00eds: <i>\u00abya quisi\u00e9ramos disponer con m\u00e1s frecuencia, aunque fuera convenientemente distribuido\u00bb<\/i>. Y, a pesar de ello, me he dado cuenta de que no soy consumidora de cultura as\u00ed, en general, al peso. Soy consumidora-gourmet que se sale de las estad\u00edsticas como un avi\u00f3n volando por debajo de lo que un radar puede detectar. Me enmalhumora que los promotores no se pongan (no nos pongamos) de acuerdo para no crear ofertas coincidentes ya que no hay suficiente demanda. Creo que los madrile\u00f1os tienen una desesperada necesidad de estar en la calle y hacer cosas constantemente. Mientras en otras ciudades sencillamente se sale. En Madrid se sale para hacer algo y la pregunta es \u00ab\u00bfqu\u00e9 hay este fin de semana?\u00bb. En los lugares en los que est\u00e1n acostumbrados a la sequ\u00eda cultura uno queda, porque s\u00ed y en el bar habitual. Y, c\u00f3mo ser\u00e1 la envidia del que lo tiene todo, que tambi\u00e9n echo eso en falta. Ayer en Caracol dec\u00eda una chica, Mamen, a sus amigos: \u00abs\u00f3lo nos vemos en los conciertos\u00bb. Y yo pens\u00e9 (en voz alta) y menos mal que es as\u00ed porque huele a muerto cuando dejas de encontrarte a tus amigos en los conciertos. En fin, parece que he vuelto a hablar a las claras del tema de siempre, cuando mi intenci\u00f3n era que no se notase. Probablemente ayer era un buen plan ir a ver el concierto de Vive La Fete en la calle Fuencarral, si es que la multitud lo permit\u00eda. O bien ir a ver <a href=\"http:\/\/www.elegodepasarelacibeles.com\/index_2.html\" target=\"blank\" rel=\"noopener noreferrer\">pinchar a M.I.A. al Palacio de Hielo<\/a> o ir a Caracol a los conciertos que os dije ayer (la sala no muy llena y los conciertos regulares)o quedarse en casa viendo un cap\u00edtulo de algo y esparciendo polvos por las habitaciones. Pero nada m\u00e1s molesto que hacer lo que se supone que tienes que hacer cuando hacen un esfuerzo tan grande que qu\u00e9 feo es que digas que no lo quieres hacer. Peque\u00f1as iniciativas, arriesgadas y emocionantes todas las noches. Por favor. <center><a href=\"http:\/\/www.flickr.com\/photos\/elenac\/251212347\/\" title=\"Photo Sharing\"><img loading=\"lazy\" decoding=\"async\" src=\"http:\/\/static.flickr.com\/119\/251212347_c794f78aeb.jpg\" width=\"411\" height=\"500\" alt=\"Culture K\u00fcltur\" \/><\/a><\/center> Banda Sonora: \u00abNightmare Culture\u00bb de Current 93 \/ Sickness of Snakes\t<\/p>\n","protected":false},"excerpt":{"rendered":"<p>Ayer el ayuntamiento promov\u00eda La Noche en Blanco y no le prest\u00e9 ninguna atenci\u00f3n porque este tipo de acontecimientos me dan grima: como las Noches Viejas, las Noches de Boda y la Noche Antes del Examen. Por supuesto que es exccelente que haya movimiento (al igual que no le voy a quitar a la novia [&hellip;]<\/p>\n","protected":false},"author":1,"featured_media":0,"comment_status":"open","ping_status":"open","sticky":false,"template":"","format":"standard","meta":{"footnotes":""},"categories":[],"tags":[],"class_list":["post-790","post","type-post","status-publish","format-standard","hentry"],"_links":{"self":[{"href":"http:\/\/www.elenacabrera.com\/weblog3\/wp-json\/wp\/v2\/posts\/790","targetHints":{"allow":["GET"]}}],"collection":[{"href":"http:\/\/www.elenacabrera.com\/weblog3\/wp-json\/wp\/v2\/posts"}],"about":[{"href":"http:\/\/www.elenacabrera.com\/weblog3\/wp-json\/wp\/v2\/types\/post"}],"author":[{"embeddable":true,"href":"http:\/\/www.elenacabrera.com\/weblog3\/wp-json\/wp\/v2\/users\/1"}],"replies":[{"embeddable":true,"href":"http:\/\/www.elenacabrera.com\/weblog3\/wp-json\/wp\/v2\/comments?post=790"}],"version-history":[{"count":1,"href":"http:\/\/www.elenacabrera.com\/weblog3\/wp-json\/wp\/v2\/posts\/790\/revisions"}],"predecessor-version":[{"id":2002002668,"href":"http:\/\/www.elenacabrera.com\/weblog3\/wp-json\/wp\/v2\/posts\/790\/revisions\/2002002668"}],"wp:attachment":[{"href":"http:\/\/www.elenacabrera.com\/weblog3\/wp-json\/wp\/v2\/media?parent=790"}],"wp:term":[{"taxonomy":"category","embeddable":true,"href":"http:\/\/www.elenacabrera.com\/weblog3\/wp-json\/wp\/v2\/categories?post=790"},{"taxonomy":"post_tag","embeddable":true,"href":"http:\/\/www.elenacabrera.com\/weblog3\/wp-json\/wp\/v2\/tags?post=790"}],"curies":[{"name":"wp","href":"https:\/\/api.w.org\/{rel}","templated":true}]}}