{"id":80,"date":"2002-12-05T01:12:06","date_gmt":"2002-12-05T00:12:06","guid":{"rendered":""},"modified":"2017-12-26T01:24:18","modified_gmt":"2017-12-25T23:24:18","slug":"peticiones","status":"publish","type":"post","link":"http:\/\/www.elenacabrera.com\/weblog3\/2002\/12\/05\/peticiones\/","title":{"rendered":"Peticiones"},"content":{"rendered":"<p>\u00bfNing\u00fan comentario sobre \u00abAyer parec\u00edas&#8230;\u00bb en el TOS 3? \u00bfNing\u00fan comentario sobre la fiesta siniestra en el local del Croma? \u00bfSobre el concierto de Migala? Me decepcion\u00e1is&#8230;. ay. Como castigo, os ha tocado a todos ir a comprar el calendario de Juan Berrio (14 euros) que es tan bonito o m\u00e1s que el del a\u00f1o pasado. Ayer tuve una tarde cartunista antes de ir al concierto de Migala. Junto a Juanjo el R\u00e1pido (claro!) y M\u00e1rian te\u00edamos a Manolo Hidalgo (recomiendo su \u00e1lbum en Sins entido!!). Y por la librer\u00eda pasaron Sandra Uve (qu\u00e9 grande), Miguel B. N\u00fa\u00f1ez y unos cuantos m\u00e1s. El infaltable editor Christian Osuna tambi\u00e9n lleg\u00f3, producto de la invocaci\u00f3n. Sandra anda estos d\u00edas por aqu\u00ed porque programa, junto a Pedro Calleja, <a href=\"http:\/\/www.festimad.es\/cinemad\/\">Cinemad<\/a>. Es una pena que pase desapercibido, parece tambi\u00e9n que est\u00e1n teniendo problemas con la sala (Taboo, en San Vicente Ferrer). Una cosa buena: dentro de la secci\u00f3n (a concurso) de cortometrajes est\u00e1 seleccionado el \u00faltimo que han hecho <a href=\"http:\/\/www.othlo.com\/0audvisual\/mediarama01\/benedi\/01.html\">Isabel<\/a> y Mariano de Lost Balance, La Cara de la Virgen (el primero fue Besapies). Lo pasan ma\u00f1aana viernes a partir de las 8 y ellos vendr\u00e1n.<\/p>\n","protected":false},"excerpt":{"rendered":"<p>\u00bfNing\u00fan comentario sobre \u00abAyer parec\u00edas&#8230;\u00bb en el TOS 3? \u00bfNing\u00fan comentario sobre la fiesta siniestra en el local del Croma? \u00bfSobre el concierto de Migala? Me decepcion\u00e1is&#8230;. ay. Como castigo, os ha tocado a todos ir a comprar el calendario de Juan Berrio (14 euros) que es tan bonito o m\u00e1s que el del a\u00f1o [&hellip;]<\/p>\n","protected":false},"author":1,"featured_media":0,"comment_status":"open","ping_status":"open","sticky":false,"template":"","format":"standard","meta":{"footnotes":""},"categories":[],"tags":[],"class_list":["post-80","post","type-post","status-publish","format-standard","hentry"],"_links":{"self":[{"href":"http:\/\/www.elenacabrera.com\/weblog3\/wp-json\/wp\/v2\/posts\/80","targetHints":{"allow":["GET"]}}],"collection":[{"href":"http:\/\/www.elenacabrera.com\/weblog3\/wp-json\/wp\/v2\/posts"}],"about":[{"href":"http:\/\/www.elenacabrera.com\/weblog3\/wp-json\/wp\/v2\/types\/post"}],"author":[{"embeddable":true,"href":"http:\/\/www.elenacabrera.com\/weblog3\/wp-json\/wp\/v2\/users\/1"}],"replies":[{"embeddable":true,"href":"http:\/\/www.elenacabrera.com\/weblog3\/wp-json\/wp\/v2\/comments?post=80"}],"version-history":[{"count":3,"href":"http:\/\/www.elenacabrera.com\/weblog3\/wp-json\/wp\/v2\/posts\/80\/revisions"}],"predecessor-version":[{"id":2002002200,"href":"http:\/\/www.elenacabrera.com\/weblog3\/wp-json\/wp\/v2\/posts\/80\/revisions\/2002002200"}],"wp:attachment":[{"href":"http:\/\/www.elenacabrera.com\/weblog3\/wp-json\/wp\/v2\/media?parent=80"}],"wp:term":[{"taxonomy":"category","embeddable":true,"href":"http:\/\/www.elenacabrera.com\/weblog3\/wp-json\/wp\/v2\/categories?post=80"},{"taxonomy":"post_tag","embeddable":true,"href":"http:\/\/www.elenacabrera.com\/weblog3\/wp-json\/wp\/v2\/tags?post=80"}],"curies":[{"name":"wp","href":"https:\/\/api.w.org\/{rel}","templated":true}]}}