{"id":803,"date":"2006-10-16T02:43:40","date_gmt":"2006-10-16T00:43:40","guid":{"rendered":""},"modified":"2020-10-18T14:06:54","modified_gmt":"2020-10-18T12:06:54","slug":"spots-mtv","status":"publish","type":"post","link":"http:\/\/www.elenacabrera.com\/weblog3\/2006\/10\/16\/spots-mtv\/","title":{"rendered":"Spots para mtv.es"},"content":{"rendered":"<p>Los tres spots que hicimos este verano para promocionar <a href=\"http:\/\/www.mtv.es\" target=\"blank\" rel=\"noopener noreferrer\">mtv.es<\/a> y que actualmente se est\u00e1n emitiendo en MTV Espa\u00f1a. La m\u00fasica que suena en los tres casos es copyleft, por cierto. Estrellas invitadas: <a href=\"http:\/\/www.saski.com\" target=\"blank\" rel=\"noopener noreferrer\">Nacho Saski<\/a>, Javi Weas, Carlos Revillo, Mariano Amiune, Manu Trenado y m\u00e1s gente, entre ellas, la que humildemente se promociona en este blog. <object width=\"425\" height=\"350\"><param name=\"movie\" value=\"http:\/\/www.youtube.com\/v\/BUIcCZmJUZA\"><param name=\"wmode\" value=\"transparent\"><embed src=\"http:\/\/www.youtube.com\/v\/BUIcCZmJUZA\" type=\"application\/x-shockwave-flash\" wmode=\"transparent\" width=\"425\" height=\"350\"><\/object> <object width=\"425\" height=\"350\"><param name=\"movie\" value=\"http:\/\/www.youtube.com\/v\/5z2M4Wy9NRA\"><param name=\"wmode\" value=\"transparent\"><embed src=\"http:\/\/www.youtube.com\/v\/5z2M4Wy9NRA\" type=\"application\/x-shockwave-flash\" wmode=\"transparent\" width=\"425\" height=\"350\"><\/object> <object width=\"425\" height=\"350\"><param name=\"movie\" value=\"http:\/\/www.youtube.com\/v\/A_QzxUoD6-0\"><param name=\"wmode\" value=\"transparent\"><embed src=\"http:\/\/www.youtube.com\/v\/A_QzxUoD6-0\" type=\"application\/x-shockwave-flash\" wmode=\"transparent\" width=\"425\" height=\"350\"><\/object><\/p>\n","protected":false},"excerpt":{"rendered":"<p>Los tres spots que hicimos este verano para promocionar mtv.es y que actualmente se est\u00e1n emitiendo en MTV Espa\u00f1a. La m\u00fasica que suena en los tres casos es copyleft, por cierto. Estrellas invitadas: Nacho Saski, Javi Weas, Carlos Revillo, Mariano Amiune, Manu Trenado y m\u00e1s gente, entre ellas, la que humildemente se promociona en este [&hellip;]<\/p>\n","protected":false},"author":1,"featured_media":0,"comment_status":"open","ping_status":"open","sticky":false,"template":"","format":"standard","meta":{"footnotes":""},"categories":[],"tags":[],"class_list":["post-803","post","type-post","status-publish","format-standard","hentry"],"_links":{"self":[{"href":"http:\/\/www.elenacabrera.com\/weblog3\/wp-json\/wp\/v2\/posts\/803","targetHints":{"allow":["GET"]}}],"collection":[{"href":"http:\/\/www.elenacabrera.com\/weblog3\/wp-json\/wp\/v2\/posts"}],"about":[{"href":"http:\/\/www.elenacabrera.com\/weblog3\/wp-json\/wp\/v2\/types\/post"}],"author":[{"embeddable":true,"href":"http:\/\/www.elenacabrera.com\/weblog3\/wp-json\/wp\/v2\/users\/1"}],"replies":[{"embeddable":true,"href":"http:\/\/www.elenacabrera.com\/weblog3\/wp-json\/wp\/v2\/comments?post=803"}],"version-history":[{"count":1,"href":"http:\/\/www.elenacabrera.com\/weblog3\/wp-json\/wp\/v2\/posts\/803\/revisions"}],"predecessor-version":[{"id":2002003592,"href":"http:\/\/www.elenacabrera.com\/weblog3\/wp-json\/wp\/v2\/posts\/803\/revisions\/2002003592"}],"wp:attachment":[{"href":"http:\/\/www.elenacabrera.com\/weblog3\/wp-json\/wp\/v2\/media?parent=803"}],"wp:term":[{"taxonomy":"category","embeddable":true,"href":"http:\/\/www.elenacabrera.com\/weblog3\/wp-json\/wp\/v2\/categories?post=803"},{"taxonomy":"post_tag","embeddable":true,"href":"http:\/\/www.elenacabrera.com\/weblog3\/wp-json\/wp\/v2\/tags?post=803"}],"curies":[{"name":"wp","href":"https:\/\/api.w.org\/{rel}","templated":true}]}}