{"id":807,"date":"2006-10-23T21:43:18","date_gmt":"2006-10-23T19:43:18","guid":{"rendered":""},"modified":"2019-05-25T19:21:01","modified_gmt":"2019-05-25T17:21:01","slug":"quieres-video","status":"publish","type":"post","link":"http:\/\/www.elenacabrera.com\/weblog3\/2006\/10\/23\/quieres-video\/","title":{"rendered":"\u00bfQuieres video en tu blog? Pues paga una licencia"},"content":{"rendered":"<p>\tEl colmo (o no). Me manda V\u00edctor P. esta ma\u00f1ana un email con el asunto \u00abesto duele\u00bb. Mi respuesta es \u00abhijosdeputa\u00bb (<a href=\"http:\/\/www.youtube.com\/watch?v=MXolkYmTzsQ\">hay que decirlo m\u00e1s<\/a>). <object width=\"425\" height=\"350\"><param name=\"movie\" value=\"http:\/\/www.youtube.com\/v\/9KG48Kq77g4\"><\/param><param name=\"wmode\" value=\"transparent\"><\/param><embed src=\"http:\/\/www.youtube.com\/v\/9KG48Kq77g4\" type=\"application\/x-shockwave-flash\" wmode=\"transparent\" width=\"425\" height=\"350\"><\/embed><\/object> La noticia es del 18 de octubre pero me he enterado hoy (qu\u00e9 pasa). Esta mujer&#8230; <img decoding=\"async\" id=\"image806\" src=\"http:\/\/www.elenacabrera.com\/weblog\/wp-content\/uploads\/2006\/10\/vivianereding.jpg\" alt=\"Viviane Reding\" \/> &#8230;que ella sola gasta m\u00e1s laca que toda la consumida en una s\u00f3la noche en los ba\u00f1os de los buenos tiempos de Revolver (aqu\u00ed un display parpadeante que diga \u00abopini\u00f3n\u00bb, por favor), llamada <a href=\"http:\/\/ec.europa.eu\/comm\/commission_barroso\/reding\/index_en.htm\" target=\"blank\" rel=\"noopener noreferrer\">Viviane Reding<\/a> es la Comisionada en la UE para la Sociedad de la Informaci\u00f3n (la Sociedad de la Comunicaci\u00f3n y la del Conocimiento no s\u00e9 qui\u00e9n la lleva, lo siento) y los Medios de Comunicaci\u00f3n. Y esta se\u00f1ora defiende que todo videoblogger o cualquier publicador en Internet con una web personal que decida linkar (redifundir, reproducir&#8230;) un video de YouTube, Google Video o cualquier otra web de almacenamiento de material audiovisual, as\u00ed como los suyos propios, se convierte en un emisor convencional, con los mismos deberes y obligaciones fiscales y legales que los medios de comunicaci\u00f3n de masas. As\u00ed que, por tanto, necesitar\u00e1 de una licencia para ejercer esta actividad, como explica <a href=\"http:\/\/technology.timesonline.co.uk\/article\/0,,20411-2407359,00.html\" target=\"blank\" rel=\"noopener noreferrer\">este art\u00edculo en el Times On Line<\/a>. Acogi\u00e9ndose a la antol\u00f3gica directiva de la Televisi\u00f3n Sin Fronteras (normativas que las cadenas de televisi\u00f3n raramente cumplen) se extiende a Internet y m\u00f3viles las restricciones europeas en materia televisiva para velar, entre otras cosas, por la \u00abprotecci\u00f3n de la infancia\u00bb (me parto). <a href=\"http:\/\/europa.eu\/rapid\/pressReleasesAction.do?reference=IP\/06\/1326\"format=HTML\"aged=0\"language=ES\"guiLanguage=en\" target=\"blank\" rel=\"noopener noreferrer\">\u00bfQuer\u00e9is saber m\u00e1s sobre la llamada \u00abalfabetizaci\u00f3n audiovisual\u00bb?<\/a> <a href=\"http:\/\/ec.europa.eu\/comm\/avpolicy\/media_literacy\/consultation\/index_en.htm\" target=\"blank\" rel=\"noopener noreferrer\">\u00bfQuieres opinar?<\/a> \u00bfA qui\u00e9n le interesa que la comunicaci\u00f3n p\u00fablica de ciudadanos independientes pase a ser regulada? Por un lado a los estados, que pierden recaudaci\u00f3n y control sobre qui\u00e9n comunica, qu\u00e9 y a qui\u00e9n. Y no s\u00f3lo por motivos pol\u00edticos sino tambi\u00e9n de presi\u00f3n econ\u00f3mica. \u00bfQu\u00e9 pasar\u00eda si un weblog tuviera m\u00e1s audiciencia que la SER? Pues que la SER, que paga una licencia por emitir y est\u00e1 sujeta a las normativas sobre radiodifusi\u00f3n p\u00fablica caer\u00eda sobre la yugular del gobierno para que el weblog jugara en las mismas condiones que ellos. Y ning\u00fan gobierno quiere un grupo medi\u00e1tico en su contra. Por otro lado, y ya han sido nombrados, los grupos de comunicaci\u00f3n, lobbys de presi\u00f3n de televisiones y holdings de medios tampoco ven con buenos ojos que cualquiera pueda hacer gratis el trabajo que ellos se gastan tanto dinero en desempe\u00f1ar. M\u00e1s: los propietarios de los copyrights y derechos editoriales, que dejan de ver dinero en la redifusi\u00f3n de sus materiales en medios de comunicaci\u00f3n personales. Una vez m\u00e1s, y perdonad que siempre tire del mismo ejemplo hist\u00f3rico, estamos ante el mismo caso paradigm\u00e1tico de las radios libres: ocupas un lugar en el espectro y la Comisi\u00f3n para las Telecomunicaciones te persigue porque hay otros que presionan puesto que les han pagado una pasta para conseguir una licencia. El aire no es de todos, eso es mentira, es de quien lo paga, ni siquiera del que lo respira.\t<\/p>\n","protected":false},"excerpt":{"rendered":"<p>El colmo (o no). Me manda V\u00edctor P. esta ma\u00f1ana un email con el asunto \u00abesto duele\u00bb. Mi respuesta es \u00abhijosdeputa\u00bb (hay que decirlo m\u00e1s). La noticia es del 18 de octubre pero me he enterado hoy (qu\u00e9 pasa). Esta mujer&#8230; &#8230;que ella sola gasta m\u00e1s laca que toda la consumida en una s\u00f3la noche [&hellip;]<\/p>\n","protected":false},"author":1,"featured_media":0,"comment_status":"open","ping_status":"open","sticky":false,"template":"","format":"standard","meta":{"footnotes":""},"categories":[2],"tags":[],"class_list":["post-807","post","type-post","status-publish","format-standard","hentry","category-twentytwentyfive"],"_links":{"self":[{"href":"http:\/\/www.elenacabrera.com\/weblog3\/wp-json\/wp\/v2\/posts\/807","targetHints":{"allow":["GET"]}}],"collection":[{"href":"http:\/\/www.elenacabrera.com\/weblog3\/wp-json\/wp\/v2\/posts"}],"about":[{"href":"http:\/\/www.elenacabrera.com\/weblog3\/wp-json\/wp\/v2\/types\/post"}],"author":[{"embeddable":true,"href":"http:\/\/www.elenacabrera.com\/weblog3\/wp-json\/wp\/v2\/users\/1"}],"replies":[{"embeddable":true,"href":"http:\/\/www.elenacabrera.com\/weblog3\/wp-json\/wp\/v2\/comments?post=807"}],"version-history":[{"count":1,"href":"http:\/\/www.elenacabrera.com\/weblog3\/wp-json\/wp\/v2\/posts\/807\/revisions"}],"predecessor-version":[{"id":2002002646,"href":"http:\/\/www.elenacabrera.com\/weblog3\/wp-json\/wp\/v2\/posts\/807\/revisions\/2002002646"}],"wp:attachment":[{"href":"http:\/\/www.elenacabrera.com\/weblog3\/wp-json\/wp\/v2\/media?parent=807"}],"wp:term":[{"taxonomy":"category","embeddable":true,"href":"http:\/\/www.elenacabrera.com\/weblog3\/wp-json\/wp\/v2\/categories?post=807"},{"taxonomy":"post_tag","embeddable":true,"href":"http:\/\/www.elenacabrera.com\/weblog3\/wp-json\/wp\/v2\/tags?post=807"}],"curies":[{"name":"wp","href":"https:\/\/api.w.org\/{rel}","templated":true}]}}