{"id":81,"date":"2002-12-09T10:12:19","date_gmt":"2002-12-09T09:12:19","guid":{"rendered":""},"modified":"2017-12-26T01:36:07","modified_gmt":"2017-12-25T23:36:07","slug":"burla-negra-adega","status":"publish","type":"post","link":"http:\/\/www.elenacabrera.com\/weblog3\/2002\/12\/09\/burla-negra-adega\/","title":{"rendered":"M\u00e1s sobre la burla negra (ADEGA)"},"content":{"rendered":"<p>A associa\u00e7om ecologista galega que leva trinta anos em activo necessita dinheiro para continuar as suas accioes directas contra os verquidos do Prestige. Lembra que o apoio economico aos marinheir@s e mariscador@s e ao movimento ecologista de base som compat?veis. Especialmente se por estares fora, por morares longe da costa ou por outro impedimento nom podes unir-te aos grupos que trabalhan limpando as praias, eis umha maneira pratica de contribuir a combater este gravissimo atentado contra a economia e o ecosistema do nosso pais. [+] Se quixeres ingressar-lhes dinheiro -nom importa a quantidade, o que podas-: Caixa Galicia n? de conta 2091\/0348\/11\/3040010981 Copiei e colei o n? de conta da p\u00e1gina web de Adega. De todos os jeitos -por simples h\u00e1bito saud?vel- quando fordes ingressar, a persoa do banco que vos atenda, que vos confirme que o n? ? correcto e que est\u00e9 a nome da associa\u00e7om. Sempre se pode errar numha cifra. [+] Se te quixeres <a href=\"http:\/\/www.adegagaliza.org\/Accion\/socio.htm\">fazer socio\/a<\/a>\u00a0 [+] Se queres sumar-te aos grupos de voluntarios chama a este telefone e informa-te: 680 420 807 [+]<\/p>\n<p>Texto extraido da p\u00e1xina de <a href=\"http:\/\/www.adegagaliza.org\">ADEGA:<\/a> Victorias para lembrar Temos que resaltar o feito de que non hai vertidos radioactivos diante das costas de Galiza, que non hai ningunha central nuclear en Galiza, que a industrializaci\u00f3n irracional que supuxo a deterioraci\u00f3n da R\u00eda de Pontevedra conseguiuse que non se reproducise noutras rias e rios, que o encoro do Sela non foi construido, que os encoros do Navia non foron construidos, que o terceiro encoro do Eume foi paralizado e as fragas do Eume son hoxe un Parque Natural, ou que Baldaio, que estaba privatizado e iniciada a s\u00faa degradacion ecol\u00f3xica, hoxe volva a ser un espazo p\u00fablico a protexer, pasando a formar parte da Rede Natura 2000. Son \u00e9stes alg\u00fans dos \u00e9xitos consolidados do ecoloxismo galego.<\/p>\n","protected":false},"excerpt":{"rendered":"<p>A associa\u00e7om ecologista galega que leva trinta anos em activo necessita dinheiro para continuar as suas accioes directas contra os verquidos do Prestige. Lembra que o apoio economico aos marinheir@s e mariscador@s e ao movimento ecologista de base som compat?veis. Especialmente se por estares fora, por morares longe da costa ou por outro impedimento nom [&hellip;]<\/p>\n","protected":false},"author":1,"featured_media":0,"comment_status":"open","ping_status":"open","sticky":false,"template":"","format":"standard","meta":{"footnotes":""},"categories":[],"tags":[],"class_list":["post-81","post","type-post","status-publish","format-standard","hentry"],"_links":{"self":[{"href":"http:\/\/www.elenacabrera.com\/weblog3\/wp-json\/wp\/v2\/posts\/81","targetHints":{"allow":["GET"]}}],"collection":[{"href":"http:\/\/www.elenacabrera.com\/weblog3\/wp-json\/wp\/v2\/posts"}],"about":[{"href":"http:\/\/www.elenacabrera.com\/weblog3\/wp-json\/wp\/v2\/types\/post"}],"author":[{"embeddable":true,"href":"http:\/\/www.elenacabrera.com\/weblog3\/wp-json\/wp\/v2\/users\/1"}],"replies":[{"embeddable":true,"href":"http:\/\/www.elenacabrera.com\/weblog3\/wp-json\/wp\/v2\/comments?post=81"}],"version-history":[{"count":3,"href":"http:\/\/www.elenacabrera.com\/weblog3\/wp-json\/wp\/v2\/posts\/81\/revisions"}],"predecessor-version":[{"id":2002002205,"href":"http:\/\/www.elenacabrera.com\/weblog3\/wp-json\/wp\/v2\/posts\/81\/revisions\/2002002205"}],"wp:attachment":[{"href":"http:\/\/www.elenacabrera.com\/weblog3\/wp-json\/wp\/v2\/media?parent=81"}],"wp:term":[{"taxonomy":"category","embeddable":true,"href":"http:\/\/www.elenacabrera.com\/weblog3\/wp-json\/wp\/v2\/categories?post=81"},{"taxonomy":"post_tag","embeddable":true,"href":"http:\/\/www.elenacabrera.com\/weblog3\/wp-json\/wp\/v2\/tags?post=81"}],"curies":[{"name":"wp","href":"https:\/\/api.w.org\/{rel}","templated":true}]}}