{"id":84,"date":"2002-12-27T11:12:33","date_gmt":"2002-12-27T10:12:33","guid":{"rendered":""},"modified":"2017-12-26T01:11:00","modified_gmt":"2017-12-25T23:11:00","slug":"noches-de-todo","status":"publish","type":"post","link":"http:\/\/www.elenacabrera.com\/weblog3\/2002\/12\/27\/noches-de-todo\/","title":{"rendered":"Noches de todo"},"content":{"rendered":"<p>Tengo sue\u00f1o en los ojos y revoltillo en el est\u00f3mago. Ojal\u00e1 el vino no llevara alcohol, \u00a1qu\u00e9 asco le tengo al frasco! (cuando lo veo vac\u00edo). Menos mal, como dice ese mismo tango escrito por Antonio Bartrina y que tan bien canta Psico, \u00abBebo no porque quiera olvidar, bebo por el placer de tomar\u00bb ya que \u00absi mi vida es una curda estruendosa, no es mi culpa que no sea melodiosa\u00bb. Ayer sal\u00ed algo tarde de la oficina y Mamen y yo nos dirigimos a casa de Fran, donde un jam\u00f3n estaba siendo cortado y unas verduritas y un seit\u00e1n salteados en el estreno de una parrilla. Comimos, bebimos, nos re\u00edmos y hasta lloramos un poquito, como ocurre siempre que nos juntamos. A ver, que recuento: Fran, Sly T, La Noe, Sandragqueen, Psicosis Gonzales (no es un apodo, era ELLA, el mismo Norberto Di Giorno en persona), Pablo Patilla, el Aldo, Mamen y el Javi. Es decir: un completo. Nos queremos reunir aposta y no lo conseguimos, eso seguro. En el equipo de m\u00fasica: los tangos de Psicosis, las nuevas canciones de Fran (la nueva, nov\u00edsima, con letra de Silvia: \u00a1UN HIT!) y un descubrimiento de Padilla: una cantante francesa, tremenda, de nombre <a href=\"http:\/\/www.lehall.com\/galerie\/barbara\/index.html\">Barbara<\/a>, arrastrada, severa, emocionante. En la televisi\u00f3n, Kylie, Gran Hermano, telediario. En mis manos y en mi boca: los Cuadernos de Todo de Carmen Mart\u00edn Gaite.<\/p>\n","protected":false},"excerpt":{"rendered":"<p>Tengo sue\u00f1o en los ojos y revoltillo en el est\u00f3mago. Ojal\u00e1 el vino no llevara alcohol, \u00a1qu\u00e9 asco le tengo al frasco! (cuando lo veo vac\u00edo). Menos mal, como dice ese mismo tango escrito por Antonio Bartrina y que tan bien canta Psico, \u00abBebo no porque quiera olvidar, bebo por el placer de tomar\u00bb ya [&hellip;]<\/p>\n","protected":false},"author":1,"featured_media":0,"comment_status":"open","ping_status":"open","sticky":false,"template":"","format":"standard","meta":{"footnotes":""},"categories":[],"tags":[],"class_list":["post-84","post","type-post","status-publish","format-standard","hentry"],"_links":{"self":[{"href":"http:\/\/www.elenacabrera.com\/weblog3\/wp-json\/wp\/v2\/posts\/84","targetHints":{"allow":["GET"]}}],"collection":[{"href":"http:\/\/www.elenacabrera.com\/weblog3\/wp-json\/wp\/v2\/posts"}],"about":[{"href":"http:\/\/www.elenacabrera.com\/weblog3\/wp-json\/wp\/v2\/types\/post"}],"author":[{"embeddable":true,"href":"http:\/\/www.elenacabrera.com\/weblog3\/wp-json\/wp\/v2\/users\/1"}],"replies":[{"embeddable":true,"href":"http:\/\/www.elenacabrera.com\/weblog3\/wp-json\/wp\/v2\/comments?post=84"}],"version-history":[{"count":2,"href":"http:\/\/www.elenacabrera.com\/weblog3\/wp-json\/wp\/v2\/posts\/84\/revisions"}],"predecessor-version":[{"id":2002002193,"href":"http:\/\/www.elenacabrera.com\/weblog3\/wp-json\/wp\/v2\/posts\/84\/revisions\/2002002193"}],"wp:attachment":[{"href":"http:\/\/www.elenacabrera.com\/weblog3\/wp-json\/wp\/v2\/media?parent=84"}],"wp:term":[{"taxonomy":"category","embeddable":true,"href":"http:\/\/www.elenacabrera.com\/weblog3\/wp-json\/wp\/v2\/categories?post=84"},{"taxonomy":"post_tag","embeddable":true,"href":"http:\/\/www.elenacabrera.com\/weblog3\/wp-json\/wp\/v2\/tags?post=84"}],"curies":[{"name":"wp","href":"https:\/\/api.w.org\/{rel}","templated":true}]}}