{"id":875,"date":"2007-01-20T03:15:36","date_gmt":"2007-01-20T01:15:36","guid":{"rendered":""},"modified":"-0001-11-30T00:00:00","modified_gmt":"-0001-11-29T22:00:00","slug":"post_name","status":"publish","type":"post","link":"http:\/\/www.elenacabrera.com\/weblog3\/2007\/01\/20\/post_name\/","title":{"rendered":"Mi Spacio"},"content":{"rendered":"<p>\tEs viernes por la noche y estoy en casa escribiendo en mi weblog. Es una regresi\u00f3n. Es viernes por la noche y estoy en casa escribiendo en mi diario. No salgo, nadie mi invita a salir. Lo odio todo. Soy fea. Llevo gafas. No tengo nada que ponerme. No bebo, no fumo, no me besan los chicos. Leo otro volumen m\u00e1s del Diario de Ana\u00efs Nin. Subo la m\u00fasica. Fantaseo con cerrar el pestillo de la puerta pero si lo hago y mi madre intenta abrir tendr\u00e9 m\u00e1s problemas de los que puedo soportar, y sucede que ya no puedo soportar ni uno m\u00e1s. \u00bfQu\u00e9 problemas? El primero es que llevaba a\u00f1os sin llorar. No lo hice cuando muri\u00f3 mi padre y a partir de ah\u00ed ya no pod\u00eda llorar por nada ya que hubiera sido un agravio comparativo. As\u00ed que gestaba una bola de sollozo reprimido en el hueco de alguna costilla. Segundo: No me gustaban las cosas que les gustaban a los dem\u00e1s. Tampoco ten\u00eda demasiada idea de cu\u00e1les eran las cosas que me gustaban pero s\u00ed sab\u00eda cu\u00e1les no lo eran. Tercero: Estaba dispuesta a sacrificar todo lo que me hac\u00eda diferente para sentirme un poco m\u00e1s integrada. Y as\u00ed lo hice. Cuarto: A\u00fan cuando lo hice, segu\u00eda siendo la rara del grupo. Hab\u00eda algo en mi cara, dicen, pero no sab\u00eda lo que era. La interpretaci\u00f3n mayoritaria consist\u00eda en definirme como -muermo- (-qu\u00e9 poco salero tienes- es quiz\u00e1s una de las frases que m\u00e1s escuch\u00e9 en mi infancia). Quinto: Imitar a Michael Jackson frente al espejo del armario no ayudaba a solucionar mis problemas. Sexto: Los gritos de los dem\u00e1s me forzaron a hablar cada d\u00eda m\u00e1s bajo. Resultado: se me escuchaba a\u00fan menos. Efectos secundarios: hasta hoy. S\u00e9ptimo: Descubr\u00ed que en el TOP 3 DE MEJORES COSAS DE LA VIDA estaba el tumbarse en la cama boca arriba y escuchar cuidadosamente un disco en repeat. (Veamos: a) esto no te ayuda a hacer amigos; b) empeora tu aislacionismo familiar; c) sesga tu personalidad hacia un perfil obsesivo y, si me apuras, convulsivo; y d) no te deja a tiempo a descubrir cu\u00e1les son las otras dos cosas del Top). Volv\u00eda de clase corriendo a casa no viendo m\u00e1s que el momento de tirarme en la cama; me s\u00e9 la l\u00e1mpara del techo de mi habitaci\u00f3n de memoria.\t<\/p>\n","protected":false},"excerpt":{"rendered":"<p>Es viernes por la noche y estoy en casa escribiendo en mi weblog. Es una regresi\u00f3n. Es viernes por la noche y estoy en casa escribiendo en mi diario. No salgo, nadie mi invita a salir. Lo odio todo. Soy fea. Llevo gafas. No tengo nada que ponerme. No bebo, no fumo, no me besan [&hellip;]<\/p>\n","protected":false},"author":1,"featured_media":0,"comment_status":"open","ping_status":"open","sticky":false,"template":"","format":"standard","meta":{"footnotes":""},"categories":[],"tags":[],"class_list":["post-875","post","type-post","status-publish","format-standard","hentry"],"_links":{"self":[{"href":"http:\/\/www.elenacabrera.com\/weblog3\/wp-json\/wp\/v2\/posts\/875","targetHints":{"allow":["GET"]}}],"collection":[{"href":"http:\/\/www.elenacabrera.com\/weblog3\/wp-json\/wp\/v2\/posts"}],"about":[{"href":"http:\/\/www.elenacabrera.com\/weblog3\/wp-json\/wp\/v2\/types\/post"}],"author":[{"embeddable":true,"href":"http:\/\/www.elenacabrera.com\/weblog3\/wp-json\/wp\/v2\/users\/1"}],"replies":[{"embeddable":true,"href":"http:\/\/www.elenacabrera.com\/weblog3\/wp-json\/wp\/v2\/comments?post=875"}],"version-history":[{"count":0,"href":"http:\/\/www.elenacabrera.com\/weblog3\/wp-json\/wp\/v2\/posts\/875\/revisions"}],"wp:attachment":[{"href":"http:\/\/www.elenacabrera.com\/weblog3\/wp-json\/wp\/v2\/media?parent=875"}],"wp:term":[{"taxonomy":"category","embeddable":true,"href":"http:\/\/www.elenacabrera.com\/weblog3\/wp-json\/wp\/v2\/categories?post=875"},{"taxonomy":"post_tag","embeddable":true,"href":"http:\/\/www.elenacabrera.com\/weblog3\/wp-json\/wp\/v2\/tags?post=875"}],"curies":[{"name":"wp","href":"https:\/\/api.w.org\/{rel}","templated":true}]}}