{"id":1017,"date":"2007-07-10T23:42:39","date_gmt":"2007-07-10T21:42:39","guid":{"rendered":""},"modified":"-0001-11-30T00:00:00","modified_gmt":"-0001-11-29T22:00:00","slug":"post_name","status":"publish","type":"post","link":"https:\/\/www.elenacabrera.com\/weblog3\/2007\/07\/10\/post_name\/","title":{"rendered":"M\u00e1s de los cuadernos (apor\u00edas)"},"content":{"rendered":"<p>\tEncuentro anotaciones vitales, letras de canciones imaginarias o reales, biograf\u00edas en breve, acusaciones que no s\u00e9 si llegu\u00e9 a pronunciar. Me parecen todas tan ajenas. Todas parecen de otra \u00e9poca. O de otra persona: \u00abMe parezco tanto a ti pero (a la vez) me siento tan lejos y tan sola\u00bb. \u00abQuiero odiarte, quiero hacerte da\u00f1o, quiero que desaparezcas\u00bb. \u00abMe dan morbo las chicas que no pronuncian bien las vocales, de <em>Persiguiendo a Amy<\/em>\u00ab. \u00abTitular -(Mi) Cuento de Hadas-\u00ab. \u00abPrivacy Policy\u00bb \u00abErrores t\u00edpicos de cuando se trabaja con nocturnidad, dijo David Hern\u00e1ndez sobre Fiber\u00bb, pero s\u00e9 que apunt\u00e9 la frase porque quer\u00eda aplicarla a otras cosas. \u00abWe all feel better in the dark\u00bb. \u00abTe acompa\u00f1o en el sentimiento\u00bb. \u00abJulia Swalha\u00bb. \u00abRoma Fiumichino\u00bb. \u00abL\u00edneas a\u00e9reas\u00bb. \u00abPiano Magic nos traer\u00e1 la nieve\u00bb. \u00abLa vida nos lleva hasta otros amantes\u00bb. \u00ab&#8230;c\u00f3mo cambio el curso de la biograf\u00eda de mis afectos\u00bb (de Bel\u00e9n Gopegui en La Escala de los Mapas). \u00abPodr\u00eda ser m\u00e1s cabr\u00f3n que ellos porque soy m\u00e1s inteligente\u00bb (a su lado aparece el nombre de quien lo dijo, pero lo omito). \u00abAnton Rayser, siglo XVIII\u00bb. \u00abNo sabes con cu\u00e1ntas de esas personas con las que hablo por tel\u00e9fono me ha follado\u00bb. \u00abLlevo dos a\u00f1os levant\u00e1ndome con un mal d\u00eda\u00bb (otra vez omito el nombre). Esto s\u00ed es m\u00edo: \u00abEstoy leyendo a otros\u00bb. \u00abPertenecer al sitio que entiendes, no al que amas, sino al que entiendes\u00bb. De Anna Ajmatova: \u00abA los poetas no le sientan bien los pecados\u00bb. \u00abQuedan sueltos los impares\u00bb. \u00abApor\u00edas: dificultad l\u00f3gica que presenta un problema especulativo\u00bb. \u00abMiro a los ni\u00f1os jugando y me doy cuenta de que a loso ni\u00f1os no les importa perder el tiempo con imposibles\u00bb. \u00abLas cosas peque\u00f1as siempre le ponen a uno nervioso\u00bb, me dijo el argentino Sebastian mientras intentaba reparar mi port\u00e1til. \u00abMercedes dice que he de dormir con la cabeza hacia el Este\u00bb.\t<\/p>\n","protected":false},"excerpt":{"rendered":"<p>Encuentro anotaciones vitales, letras de canciones imaginarias o reales, biograf\u00edas en breve, acusaciones que no s\u00e9 si llegu\u00e9 a pronunciar. Me parecen todas tan ajenas. Todas parecen de otra \u00e9poca. O de otra persona: \u00abMe parezco tanto a ti pero (a la vez) me siento tan lejos y tan sola\u00bb. \u00abQuiero odiarte, quiero hacerte da\u00f1o, [&hellip;]<\/p>\n","protected":false},"author":1,"featured_media":0,"comment_status":"open","ping_status":"open","sticky":false,"template":"","format":"standard","meta":{"footnotes":""},"categories":[],"tags":[],"class_list":["post-1017","post","type-post","status-publish","format-standard","hentry"],"_links":{"self":[{"href":"https:\/\/www.elenacabrera.com\/weblog3\/wp-json\/wp\/v2\/posts\/1017","targetHints":{"allow":["GET"]}}],"collection":[{"href":"https:\/\/www.elenacabrera.com\/weblog3\/wp-json\/wp\/v2\/posts"}],"about":[{"href":"https:\/\/www.elenacabrera.com\/weblog3\/wp-json\/wp\/v2\/types\/post"}],"author":[{"embeddable":true,"href":"https:\/\/www.elenacabrera.com\/weblog3\/wp-json\/wp\/v2\/users\/1"}],"replies":[{"embeddable":true,"href":"https:\/\/www.elenacabrera.com\/weblog3\/wp-json\/wp\/v2\/comments?post=1017"}],"version-history":[{"count":0,"href":"https:\/\/www.elenacabrera.com\/weblog3\/wp-json\/wp\/v2\/posts\/1017\/revisions"}],"wp:attachment":[{"href":"https:\/\/www.elenacabrera.com\/weblog3\/wp-json\/wp\/v2\/media?parent=1017"}],"wp:term":[{"taxonomy":"category","embeddable":true,"href":"https:\/\/www.elenacabrera.com\/weblog3\/wp-json\/wp\/v2\/categories?post=1017"},{"taxonomy":"post_tag","embeddable":true,"href":"https:\/\/www.elenacabrera.com\/weblog3\/wp-json\/wp\/v2\/tags?post=1017"}],"curies":[{"name":"wp","href":"https:\/\/api.w.org\/{rel}","templated":true}]}}