{"id":1021,"date":"2007-08-09T16:53:42","date_gmt":"2007-08-09T14:53:42","guid":{"rendered":""},"modified":"-0001-11-30T00:00:00","modified_gmt":"-0001-11-29T22:00:00","slug":"post_name","status":"publish","type":"post","link":"https:\/\/www.elenacabrera.com\/weblog3\/2007\/08\/09\/post_name\/","title":{"rendered":"Cuerdas bocales"},"content":{"rendered":"<p>\tFeria do Libro da Coru\u00f1a. Voy a la <a href=\"http:\/\/www.adn.es\/cultura\/20070808\/NWS-2321-Antonio-Molina-Cesar-conciencia-ecologica.html\">presentaci\u00f3n<\/a> de <em>Eume <\/em>de <a href=\"http:\/\/www.adn.es\/local\/galicia\/20070808\/IMA-3284-ANTONIO-MOLINA-CESAR\/\">C\u00e9sar Antonio Molina<\/a> para descubrir c\u00f3mo se defiende un ministro cuando se quita la gorra de ministro y lo que descubro, finalmente, es otro tipo de cosas. Entre ellas, que si a uno le invitan para escudar a un amigo, o al menos conocido, o sino sencillamente colega, resulta desagradable ocupar la palabra durante el 95% del tiempo. La impresi\u00f3n con la que me fui a tomar mi caf\u00e9 s\u00f3lo con hielo al Copacabana cuando temrin\u00f3 el acto fue: para lamer calcetines, mejor hacerlo en privado. Deber\u00edan haberme advertido de que tras escuchar impacientemente los an\u00e1lisis, confesiones y predicciones del director, del ilustrador, del fot\u00f3grafo y del fil\u00f3sofo, me esperaban apenas cinco minutos de discurso de agradecimiento en un gallego rudo y sin acento del protagonista de la convocatoria. Que todo aquello era un homenaje al fluir, fue lo \u00fanico que saqu\u00e9 en claro. Pero no s\u00f3lo el poemario y su t\u00edtulo, sino tambi\u00e9n el acto en s\u00ed, y yo en \u00e9l, y la memoria en ello y este verano en mi vida. <a title=\"Intercambio de fotos\" href=\"http:\/\/www.flickr.com\/photos\/elenac\/1062169640\/\"><img loading=\"lazy\" decoding=\"async\" width=\"500\" height=\"375\" alt=\"Eumes\" src=\"http:\/\/farm2.static.flickr.com\/1403\/1062169640_18da62344c.jpg\" \/><\/a> Un segundo descubrimiento, m\u00e1s importante, fue la voz de la poeta gallega <a href=\"http:\/\/estibalizes.wordpress.com\/\">Est\u00edbaliz Espinosa<\/a>, cuyo nombre me resonaba de la antolog\u00eda de mujeres poetas <em>As Sonoras de Cordas<\/em>. Le pidieron que leyera unos poemas de Molina y en sus labios fluyeron espumosos. Me emocion\u00e9 siendo consciente de que su lectura en papel me habr\u00eda traspasado como agua siendo, en realidad, los matices de un idioma bello en su voz vibrante y sus ojos hipn\u00f3ticos lo que me sedujo de un plumazo. Su atuendo y maquillaje -la de una g\u00f3tica en horario diurno, agosto y acto oficial- ridiculizaba en cierta medida el deplorable <em>sport <\/em>mim\u00e9tico de los invitados, el pl\u00e1stico blanco de la carpa, la moqueta falsa, la sonrisa del coru\u00f1\u00e9s ocioso en temporada de festejos. Y eso s\u00ed que lo celebr\u00e9.\t<\/p>\n","protected":false},"excerpt":{"rendered":"<p>Feria do Libro da Coru\u00f1a. Voy a la presentaci\u00f3n de Eume de C\u00e9sar Antonio Molina para descubrir c\u00f3mo se defiende un ministro cuando se quita la gorra de ministro y lo que descubro, finalmente, es otro tipo de cosas. Entre ellas, que si a uno le invitan para escudar a un amigo, o al menos [&hellip;]<\/p>\n","protected":false},"author":1,"featured_media":0,"comment_status":"open","ping_status":"open","sticky":false,"template":"","format":"standard","meta":{"footnotes":""},"categories":[],"tags":[],"class_list":["post-1021","post","type-post","status-publish","format-standard","hentry"],"_links":{"self":[{"href":"https:\/\/www.elenacabrera.com\/weblog3\/wp-json\/wp\/v2\/posts\/1021","targetHints":{"allow":["GET"]}}],"collection":[{"href":"https:\/\/www.elenacabrera.com\/weblog3\/wp-json\/wp\/v2\/posts"}],"about":[{"href":"https:\/\/www.elenacabrera.com\/weblog3\/wp-json\/wp\/v2\/types\/post"}],"author":[{"embeddable":true,"href":"https:\/\/www.elenacabrera.com\/weblog3\/wp-json\/wp\/v2\/users\/1"}],"replies":[{"embeddable":true,"href":"https:\/\/www.elenacabrera.com\/weblog3\/wp-json\/wp\/v2\/comments?post=1021"}],"version-history":[{"count":0,"href":"https:\/\/www.elenacabrera.com\/weblog3\/wp-json\/wp\/v2\/posts\/1021\/revisions"}],"wp:attachment":[{"href":"https:\/\/www.elenacabrera.com\/weblog3\/wp-json\/wp\/v2\/media?parent=1021"}],"wp:term":[{"taxonomy":"category","embeddable":true,"href":"https:\/\/www.elenacabrera.com\/weblog3\/wp-json\/wp\/v2\/categories?post=1021"},{"taxonomy":"post_tag","embeddable":true,"href":"https:\/\/www.elenacabrera.com\/weblog3\/wp-json\/wp\/v2\/tags?post=1021"}],"curies":[{"name":"wp","href":"https:\/\/api.w.org\/{rel}","templated":true}]}}