{"id":1104,"date":"2007-11-20T00:30:06","date_gmt":"2007-11-19T22:30:06","guid":{"rendered":""},"modified":"2019-05-24T13:57:58","modified_gmt":"2019-05-24T11:57:58","slug":"comic-grande-adn","status":"publish","type":"post","link":"https:\/\/www.elenacabrera.com\/weblog3\/2007\/11\/20\/comic-grande-adn\/","title":{"rendered":"C\u00f3mic a lo grande en ADN.es"},"content":{"rendered":"<p>\t<img loading=\"lazy\" decoding=\"async\" width=\"500\" height=\"78\" alt=\"1.png\" id=\"image1103\" src=\"http:\/\/www.elenacabrera.com\/weblog\/wp-content\/uploads\/2007\/11\/1.png\" \/> No lo <a href=\"http:\/\/www.adn.es\/somos\">saben<\/a> a\u00fan, pero tener a <strong>Santiago Garc\u00eda<\/strong> de colaborador cartunista es un lujo. Esta ma\u00f1ana, en la reuni\u00f3n de previsiones me puse el disfraz de Juan D\u00e1maso y dije que yo apostaba por Max como ganador del primer Premio Nacional de C\u00f3mic. Xurxo dijo que se lo dir\u00edan a Carlos Gim\u00e9nez. Los dem\u00e1s, creo yo, no ten\u00edan muy claro de qu\u00e9 est\u00e1bamos hablando. Aunque creo que fue <a href=\"http:\/\/www.adn.es\/blog\/al_fondo_hay_sitio\/\">Antonio Campos<\/a> quien dijo \u00abIb\u00e1\u00f1ez\u00bb. Yo me fui de ah\u00ed cruzando los dedos. Me fiaba tanto de mi corazonada (bueno, tampoco era una apuesta tan arriesgada, \u00bfeh?, a ver si ahora me las voy a dar&#8230;) que empec\u00e9 a buscar im\u00e1genes de Bard\u00edn y a subirlas al CMS. Despu\u00e9s entr\u00e9 en otra reuni\u00f3n y cuando sal\u00ed, zas, <strong>Max<\/strong>. Un rato despu\u00e9s comunicaron el Premio Nacional de Artes Pl\u00e1sticas, que ha tenido mucha menos importancia informativa pero est\u00e1 dotado, en cambio, por 15.000 euros m\u00e1s, el doble, que el de c\u00f3mic. <a href=\"http:\/\/www.adn.es\/cultura\/20071119\/NWS-0478-Nacional-Premio-Comic.html\">Dimos la noticia<\/a>. Llam\u00e9 a Max, pero no di con \u00e9l. Europa Press, Efe y El Pa\u00eds, s\u00ed. Nuestra baza ser\u00eda otra. Santiago ha escrito su primera colaboraci\u00f3n para la secci\u00f3n de Cultura de ADN.es: <a href=\"http:\/\/www.adn.es\/cultura\/20071119\/NWS-2335-premio-max-comic-perfil.html\">un estupendo perfil de Max<\/a> que explica por qu\u00e9 \u00e9l y no otro y que adem\u00e1s viene ilustrado con un boceto de Bard\u00edn que nos ha prestado <strong>\u00d3scar Palmer<\/strong>. <img decoding=\"async\" src=\"http:\/\/www.adn.es\/clipping\/ADNIMA20071119_3293\/5.jpg\" \/> Ah\u00ed no acaba la cosa. Despu\u00e9s de eso, Santiago entreg\u00f3 su segunda colaboraci\u00f3n en un mismo d\u00eda. El art\u00edculo fundacional de <a href=\"http:\/\/www.adn.es\/clipping\/ADNIMA20071119_3293\/5.jpg\">la casi-secci\u00f3n de c\u00f3mic en ADN.es<\/a>. Sirve para explicar <a href=\"http:\/\/www.adn.es\/cultura\/20071119\/NWS-2663-Grandes-esperanzas-espanol-comic.html\">cu\u00e1l es el contexto en el que se entrega este premio<\/a>, de qu\u00e9 va esto de leer, hacer, editar c\u00f3mics hoy en Espa\u00f1a. Y va acompa\u00f1ado de un peque\u00f1o apoyo, una radiograf\u00eda, <a href=\"http:\/\/www.adn.es\/cultura\/20071119\/NWS-2274-Espana-Quien-bacalao-parte-comic.html\">un qui\u00e9n parte el bacalao en el c\u00f3mic en Espa\u00f1a<\/a>.\t<\/p>\n","protected":false},"excerpt":{"rendered":"<p>No lo saben a\u00fan, pero tener a Santiago Garc\u00eda de colaborador cartunista es un lujo. Esta ma\u00f1ana, en la reuni\u00f3n de previsiones me puse el disfraz de Juan D\u00e1maso y dije que yo apostaba por Max como ganador del primer Premio Nacional de C\u00f3mic. Xurxo dijo que se lo dir\u00edan a Carlos Gim\u00e9nez. Los dem\u00e1s, [&hellip;]<\/p>\n","protected":false},"author":1,"featured_media":0,"comment_status":"open","ping_status":"open","sticky":false,"template":"","format":"standard","meta":{"footnotes":""},"categories":[],"tags":[],"class_list":["post-1104","post","type-post","status-publish","format-standard","hentry"],"_links":{"self":[{"href":"https:\/\/www.elenacabrera.com\/weblog3\/wp-json\/wp\/v2\/posts\/1104","targetHints":{"allow":["GET"]}}],"collection":[{"href":"https:\/\/www.elenacabrera.com\/weblog3\/wp-json\/wp\/v2\/posts"}],"about":[{"href":"https:\/\/www.elenacabrera.com\/weblog3\/wp-json\/wp\/v2\/types\/post"}],"author":[{"embeddable":true,"href":"https:\/\/www.elenacabrera.com\/weblog3\/wp-json\/wp\/v2\/users\/1"}],"replies":[{"embeddable":true,"href":"https:\/\/www.elenacabrera.com\/weblog3\/wp-json\/wp\/v2\/comments?post=1104"}],"version-history":[{"count":1,"href":"https:\/\/www.elenacabrera.com\/weblog3\/wp-json\/wp\/v2\/posts\/1104\/revisions"}],"predecessor-version":[{"id":2002002629,"href":"https:\/\/www.elenacabrera.com\/weblog3\/wp-json\/wp\/v2\/posts\/1104\/revisions\/2002002629"}],"wp:attachment":[{"href":"https:\/\/www.elenacabrera.com\/weblog3\/wp-json\/wp\/v2\/media?parent=1104"}],"wp:term":[{"taxonomy":"category","embeddable":true,"href":"https:\/\/www.elenacabrera.com\/weblog3\/wp-json\/wp\/v2\/categories?post=1104"},{"taxonomy":"post_tag","embeddable":true,"href":"https:\/\/www.elenacabrera.com\/weblog3\/wp-json\/wp\/v2\/tags?post=1104"}],"curies":[{"name":"wp","href":"https:\/\/api.w.org\/{rel}","templated":true}]}}