{"id":1129,"date":"2007-12-20T10:52:05","date_gmt":"2007-12-20T08:52:05","guid":{"rendered":""},"modified":"-0001-11-30T00:00:00","modified_gmt":"-0001-11-29T22:00:00","slug":"post_name","status":"publish","type":"post","link":"https:\/\/www.elenacabrera.com\/weblog3\/2007\/12\/20\/post_name\/","title":{"rendered":"El caballero oscuro"},"content":{"rendered":"<p>\tAunque, a juzgar por qui\u00e9n protagoniza las im\u00e1genes, la nueva pel\u00edcula de Batman deber\u00eda llamarse The dark joker, en lugar de <em>The dark knight<\/em>. <a href=\"http:\/\/www.adn.es\/cultura\/20071218\/NWS-2035-caballero-origenes-oscuro.html\">Enlazo el \u00faltimo art\u00edculo de <strong>Santiago Garc\u00eda<\/strong> para ADN.es<\/a>, sobre el giro <strong>Neil Adams<\/strong> de nuestra criatura de la noche. (Ahora mismo, quinto art\u00edculo m\u00e1s le\u00eddo en toda la web). <img loading=\"lazy\" decoding=\"async\" width=\"500\" height=\"740\" alt=\"poster.jpg\" id=\"image1128\" src=\"http:\/\/www.elenacabrera.com\/weblog\/wp-content\/uploads\/2007\/12\/poster.jpg\" \/>\t<\/p>\n","protected":false},"excerpt":{"rendered":"<p>Aunque, a juzgar por qui\u00e9n protagoniza las im\u00e1genes, la nueva pel\u00edcula de Batman deber\u00eda llamarse The dark joker, en lugar de The dark knight. Enlazo el \u00faltimo art\u00edculo de Santiago Garc\u00eda para ADN.es, sobre el giro Neil Adams de nuestra criatura de la noche. (Ahora mismo, quinto art\u00edculo m\u00e1s le\u00eddo en toda la web).<\/p>\n","protected":false},"author":1,"featured_media":0,"comment_status":"open","ping_status":"open","sticky":false,"template":"","format":"standard","meta":{"footnotes":""},"categories":[],"tags":[],"class_list":["post-1129","post","type-post","status-publish","format-standard","hentry"],"_links":{"self":[{"href":"https:\/\/www.elenacabrera.com\/weblog3\/wp-json\/wp\/v2\/posts\/1129","targetHints":{"allow":["GET"]}}],"collection":[{"href":"https:\/\/www.elenacabrera.com\/weblog3\/wp-json\/wp\/v2\/posts"}],"about":[{"href":"https:\/\/www.elenacabrera.com\/weblog3\/wp-json\/wp\/v2\/types\/post"}],"author":[{"embeddable":true,"href":"https:\/\/www.elenacabrera.com\/weblog3\/wp-json\/wp\/v2\/users\/1"}],"replies":[{"embeddable":true,"href":"https:\/\/www.elenacabrera.com\/weblog3\/wp-json\/wp\/v2\/comments?post=1129"}],"version-history":[{"count":0,"href":"https:\/\/www.elenacabrera.com\/weblog3\/wp-json\/wp\/v2\/posts\/1129\/revisions"}],"wp:attachment":[{"href":"https:\/\/www.elenacabrera.com\/weblog3\/wp-json\/wp\/v2\/media?parent=1129"}],"wp:term":[{"taxonomy":"category","embeddable":true,"href":"https:\/\/www.elenacabrera.com\/weblog3\/wp-json\/wp\/v2\/categories?post=1129"},{"taxonomy":"post_tag","embeddable":true,"href":"https:\/\/www.elenacabrera.com\/weblog3\/wp-json\/wp\/v2\/tags?post=1129"}],"curies":[{"name":"wp","href":"https:\/\/api.w.org\/{rel}","templated":true}]}}